{"id":924,"date":"2021-10-26T22:42:35","date_gmt":"2021-10-27T01:42:35","guid":{"rendered":"https:\/\/comunitariachile.org\/web\/?p=924"},"modified":"2021-10-26T22:42:35","modified_gmt":"2021-10-27T01:42:35","slug":"presidenta-de-la-sociedad-participa-en-el-la-eleccion-del-consejo-asesor-en-salud-mental","status":"publish","type":"post","link":"https:\/\/comunitariachile.org\/web\/presidenta-de-la-sociedad-participa-en-el-la-eleccion-del-consejo-asesor-en-salud-mental\/","title":{"rendered":"Presidenta de la Sociedad participa en el la elecci\u00f3n del Consejo Asesor en Salud Mental"},"content":{"rendered":"<blockquote><p>Desde el mes de Junio nuestra presidenta, Mar\u00eda Ang\u00e9lica Benavides Andrade, participa en la comisi\u00f3n electora del Consejo Asesor en Salud Mental del MINSAL.<\/p><\/blockquote>\n<p>Este consejo estar\u00e1 conformado por usuarios (4 expertos por experiencia), miembros de la sociedad civil organizada (actores comunitarios sociales) y representantes de instituciones acad\u00e9micas y sociedades cient\u00edficas. Su funci\u00f3n ser\u00e1 asesorar en temas de salud mental al Ministerio, participar directamente en el Plan de Participaci\u00f3n de Salud Mental y mantener en el tiempo a este Consejo.<\/p>\n<p>Seguimos empujando, para que la salud mental sea un eje relevante en las pol\u00edticas p\u00fablicas de futuro.<\/p>\n","protected":false},"excerpt":{"rendered":"<p>Desde el mes de Junio nuestra presidenta, Mar\u00eda Ang\u00e9lica Benavides Andrade, participa en la comisi\u00f3n electora del Consejo Asesor en Salud Mental del MINSAL. Este consejo estar\u00e1 conformado por usuarios [&hellip;]<\/p>\n","protected":false},"author":1,"featured_media":925,"comment_status":"closed","ping_status":"open","sticky":false,"template":"","format":"standard","meta":[],"categories":[5],"tags":[],"_links":{"self":[{"href":"https:\/\/comunitariachile.org\/web\/wp-json\/wp\/v2\/posts\/924"}],"collection":[{"href":"https:\/\/comunitariachile.org\/web\/wp-json\/wp\/v2\/posts"}],"about":[{"href":"https:\/\/comunitariachile.org\/web\/wp-json\/wp\/v2\/types\/post"}],"author":[{"embeddable":true,"href":"https:\/\/comunitariachile.org\/web\/wp-json\/wp\/v2\/users\/1"}],"replies":[{"embeddable":true,"href":"https:\/\/comunitariachile.org\/web\/wp-json\/wp\/v2\/comments?post=924"}],"version-history":[{"count":1,"href":"https:\/\/comunitariachile.org\/web\/wp-json\/wp\/v2\/posts\/924\/revisions"}],"predecessor-version":[{"id":926,"href":"https:\/\/comunitariachile.org\/web\/wp-json\/wp\/v2\/posts\/924\/revisions\/926"}],"wp:featuredmedia":[{"embeddable":true,"href":"https:\/\/comunitariachile.org\/web\/wp-json\/wp\/v2\/media\/925"}],"wp:attachment":[{"href":"https:\/\/comunitariachile.org\/web\/wp-json\/wp\/v2\/media?parent=924"}],"wp:term":[{"taxonomy":"category","embeddable":true,"href":"https:\/\/comunitariachile.org\/web\/wp-json\/wp\/v2\/categories?post=924"},{"taxonomy":"post_tag","embeddable":true,"href":"https:\/\/comunitariachile.org\/web\/wp-json\/wp\/v2\/tags?post=924"}],"curies":[{"name":"wp","href":"https:\/\/api.w.org\/{rel}","templated":true}]}}