{"id":920,"date":"2021-10-26T22:19:31","date_gmt":"2021-10-27T01:19:31","guid":{"rendered":"https:\/\/comunitariachile.org\/web\/?p=920"},"modified":"2021-10-26T22:23:28","modified_gmt":"2021-10-27T01:23:28","slug":"tenemos-personalidad-juridica","status":"publish","type":"post","link":"https:\/\/comunitariachile.org\/web\/tenemos-personalidad-juridica\/","title":{"rendered":"Tenemos Personalidad Jur\u00eddica"},"content":{"rendered":"<blockquote><p>Luego de varios meses de tr\u00e1mites y de postergaciones de los mismos, producto de la pandemia y estallido social, por fin hemos logrado constituirnos como Sociedad con Personalidad Jur\u00eddica vigente y activa.<\/p><\/blockquote>\n<p>Sin duda, este es un momento que atesoraremos, ya que es un hito m\u00e1s en el desarrollo de nuestra organizaci\u00f3n. Seguimos avanzando en esta construcci\u00f3n colectiva, comunitaria y de integraci\u00f3n.<\/p>\n<p>Tenemos la convicci\u00f3n que vamos creciendo, relevando la salud mental y haciendo comunidad.<\/p>\n<p>Felicit\u00e9monos, hemos dado un paso importante.<\/p>\n","protected":false},"excerpt":{"rendered":"<p>Luego de varios meses de tr\u00e1mites y de postergaciones de los mismos, producto de la pandemia y estallido social, por fin hemos logrado constituirnos como Sociedad con Personalidad Jur\u00eddica vigente [&hellip;]<\/p>\n","protected":false},"author":1,"featured_media":921,"comment_status":"closed","ping_status":"open","sticky":false,"template":"","format":"standard","meta":[],"categories":[5],"tags":[],"_links":{"self":[{"href":"https:\/\/comunitariachile.org\/web\/wp-json\/wp\/v2\/posts\/920"}],"collection":[{"href":"https:\/\/comunitariachile.org\/web\/wp-json\/wp\/v2\/posts"}],"about":[{"href":"https:\/\/comunitariachile.org\/web\/wp-json\/wp\/v2\/types\/post"}],"author":[{"embeddable":true,"href":"https:\/\/comunitariachile.org\/web\/wp-json\/wp\/v2\/users\/1"}],"replies":[{"embeddable":true,"href":"https:\/\/comunitariachile.org\/web\/wp-json\/wp\/v2\/comments?post=920"}],"version-history":[{"count":2,"href":"https:\/\/comunitariachile.org\/web\/wp-json\/wp\/v2\/posts\/920\/revisions"}],"predecessor-version":[{"id":923,"href":"https:\/\/comunitariachile.org\/web\/wp-json\/wp\/v2\/posts\/920\/revisions\/923"}],"wp:featuredmedia":[{"embeddable":true,"href":"https:\/\/comunitariachile.org\/web\/wp-json\/wp\/v2\/media\/921"}],"wp:attachment":[{"href":"https:\/\/comunitariachile.org\/web\/wp-json\/wp\/v2\/media?parent=920"}],"wp:term":[{"taxonomy":"category","embeddable":true,"href":"https:\/\/comunitariachile.org\/web\/wp-json\/wp\/v2\/categories?post=920"},{"taxonomy":"post_tag","embeddable":true,"href":"https:\/\/comunitariachile.org\/web\/wp-json\/wp\/v2\/tags?post=920"}],"curies":[{"name":"wp","href":"https:\/\/api.w.org\/{rel}","templated":true}]}}