{"id":75,"date":"2016-06-15T14:47:27","date_gmt":"2016-06-15T17:47:27","guid":{"rendered":"http:\/\/comunitariachile.org\/web\/?p=75"},"modified":"2021-10-18T18:13:00","modified_gmt":"2021-10-18T21:13:00","slug":"congreso-psicologia-rural","status":"publish","type":"post","link":"https:\/\/comunitariachile.org\/web\/congreso-psicologia-rural\/","title":{"rendered":"Congreso Psicolog\u00eda Rural"},"content":{"rendered":"<p>Se realizar\u00e1 el II Congreso Latinoamericano de Psicolog\u00eda Rural, en Brasil durante el mes de octubre del presente a\u00f1o. Invitamos a quienes quieran participar ingresar a:<\/p>\n<p class=\"p1\"><a href=\"http:\/\/eventos.ufrrj.br\/psicologia\/es\/\" target=\"_blank\" rel=\"noopener\">http:\/\/eventos.ufrrj.br\/psicologia\/es\/<\/a><\/p>\n","protected":false},"excerpt":{"rendered":"<p>Se realizar\u00e1 el II Congreso Latinoamericano de Psicolog\u00eda Rural, en Brasil durante el mes de octubre del presente a\u00f1o. Invitamos a quienes quieran participar ingresar a: http:\/\/eventos.ufrrj.br\/psicologia\/es\/<\/p>\n","protected":false},"author":1,"featured_media":76,"comment_status":"closed","ping_status":"open","sticky":false,"template":"","format":"standard","meta":[],"categories":[1,5],"tags":[],"_links":{"self":[{"href":"https:\/\/comunitariachile.org\/web\/wp-json\/wp\/v2\/posts\/75"}],"collection":[{"href":"https:\/\/comunitariachile.org\/web\/wp-json\/wp\/v2\/posts"}],"about":[{"href":"https:\/\/comunitariachile.org\/web\/wp-json\/wp\/v2\/types\/post"}],"author":[{"embeddable":true,"href":"https:\/\/comunitariachile.org\/web\/wp-json\/wp\/v2\/users\/1"}],"replies":[{"embeddable":true,"href":"https:\/\/comunitariachile.org\/web\/wp-json\/wp\/v2\/comments?post=75"}],"version-history":[{"count":2,"href":"https:\/\/comunitariachile.org\/web\/wp-json\/wp\/v2\/posts\/75\/revisions"}],"predecessor-version":[{"id":872,"href":"https:\/\/comunitariachile.org\/web\/wp-json\/wp\/v2\/posts\/75\/revisions\/872"}],"wp:featuredmedia":[{"embeddable":true,"href":"https:\/\/comunitariachile.org\/web\/wp-json\/wp\/v2\/media\/76"}],"wp:attachment":[{"href":"https:\/\/comunitariachile.org\/web\/wp-json\/wp\/v2\/media?parent=75"}],"wp:term":[{"taxonomy":"category","embeddable":true,"href":"https:\/\/comunitariachile.org\/web\/wp-json\/wp\/v2\/categories?post=75"},{"taxonomy":"post_tag","embeddable":true,"href":"https:\/\/comunitariachile.org\/web\/wp-json\/wp\/v2\/tags?post=75"}],"curies":[{"name":"wp","href":"https:\/\/api.w.org\/{rel}","templated":true}]}}