{"id":73,"date":"2016-10-17T14:46:08","date_gmt":"2016-10-17T17:46:08","guid":{"rendered":"http:\/\/comunitariachile.org\/web\/?p=73"},"modified":"2017-07-27T16:34:49","modified_gmt":"2017-07-27T19:34:49","slug":"informacion-importante-para-expositores-del-i-congreso","status":"publish","type":"post","link":"https:\/\/comunitariachile.org\/web\/informacion-importante-para-expositores-del-i-congreso\/","title":{"rendered":"Informaci\u00f3n importante para expositores del I Congreso"},"content":{"rendered":"<p>IMPORTANTE: Para las\/los expositores cuyos res\u00famenes han sido aceptados para el Congreso, se les informa que el plazo de inscripci\u00f3n se ampl\u00eda hasta el 19 de OCTUBRE.<\/p>\n","protected":false},"excerpt":{"rendered":"<p>IMPORTANTE: Para las\/los expositores cuyos res\u00famenes han sido aceptados para el Congreso, se les informa que el plazo de inscripci\u00f3n se ampl\u00eda hasta el 19 de OCTUBRE.<\/p>\n","protected":false},"author":1,"featured_media":183,"comment_status":"closed","ping_status":"open","sticky":false,"template":"","format":"standard","meta":[],"categories":[1,5],"tags":[],"_links":{"self":[{"href":"https:\/\/comunitariachile.org\/web\/wp-json\/wp\/v2\/posts\/73"}],"collection":[{"href":"https:\/\/comunitariachile.org\/web\/wp-json\/wp\/v2\/posts"}],"about":[{"href":"https:\/\/comunitariachile.org\/web\/wp-json\/wp\/v2\/types\/post"}],"author":[{"embeddable":true,"href":"https:\/\/comunitariachile.org\/web\/wp-json\/wp\/v2\/users\/1"}],"replies":[{"embeddable":true,"href":"https:\/\/comunitariachile.org\/web\/wp-json\/wp\/v2\/comments?post=73"}],"version-history":[{"count":1,"href":"https:\/\/comunitariachile.org\/web\/wp-json\/wp\/v2\/posts\/73\/revisions"}],"predecessor-version":[{"id":74,"href":"https:\/\/comunitariachile.org\/web\/wp-json\/wp\/v2\/posts\/73\/revisions\/74"}],"wp:featuredmedia":[{"embeddable":true,"href":"https:\/\/comunitariachile.org\/web\/wp-json\/wp\/v2\/media\/183"}],"wp:attachment":[{"href":"https:\/\/comunitariachile.org\/web\/wp-json\/wp\/v2\/media?parent=73"}],"wp:term":[{"taxonomy":"category","embeddable":true,"href":"https:\/\/comunitariachile.org\/web\/wp-json\/wp\/v2\/categories?post=73"},{"taxonomy":"post_tag","embeddable":true,"href":"https:\/\/comunitariachile.org\/web\/wp-json\/wp\/v2\/tags?post=73"}],"curies":[{"name":"wp","href":"https:\/\/api.w.org\/{rel}","templated":true}]}}