{"id":630,"date":"2021-04-07T11:16:54","date_gmt":"2021-04-07T14:16:54","guid":{"rendered":"http:\/\/comunitariachile.org\/web\/?p=630"},"modified":"2021-10-15T20:11:52","modified_gmt":"2021-10-15T23:11:52","slug":"en-memoria-de-lis-perez","status":"publish","type":"post","link":"https:\/\/comunitariachile.org\/web\/en-memoria-de-lis-perez\/","title":{"rendered":"En memoria de Lis P\u00e9rez"},"content":{"rendered":"<blockquote><p>V\u00edctima de COVID-19, nos ha dejado nuestra entra\u00f1able compa\u00f1era Lis P\u00e9rez, psic\u00f3loga uruguaya que vino a nuestro pa\u00eds en 2007, becada para el Mag\u00edster en Psicolog\u00eda Comunitaria que dicta la Universidad de Chile. Durante dos a\u00f1os vivimos el privilegio de tenerla entre nosotros, de compartir un tiempo maravilloso con su inseparable mate en medio de la conversaci\u00f3n, de sentir su presencia que no pasaba inadvertida: siempre opinante y cr\u00edtica, disponible para el di\u00e1logo y el debate, hoy tu voz se hace silencio.<\/p><\/blockquote>\n<p>Te recordaremos Lis, en estos tiempos en que pareciera que la gente desaparece sin m\u00e1s, como una an\u00f3nima estad\u00edstica de esta pandemia inmisericorde. Al contrario: te preservaremos en la memoria entra\u00f1able, as\u00ed como seguramente lo har\u00e1n tambi\u00e9n las personas que ayudaste a formar desde tu trabajo en la Universidad. Por nuestra parte, quienes fuimos durante un pedacito de tu vida, colegas y compinches de congresos, conferencias y encuentros de toda \u00edndole, te extra\u00f1aremos.<\/p>\n<p>Desde Chile, hacemos llegar un afectuoso abrazo y nuestras sentidas condolencias a su familia, a sus colegas y a sus amigues.<\/p>\n","protected":false},"excerpt":{"rendered":"<p>V\u00edctima de COVID-19, nos ha dejado nuestra entra\u00f1able compa\u00f1era Lis P\u00e9rez, psic\u00f3loga uruguaya que vino a nuestro pa\u00eds en 2007, becada para el Mag\u00edster en Psicolog\u00eda Comunitaria que dicta la [&hellip;]<\/p>\n","protected":false},"author":1,"featured_media":762,"comment_status":"closed","ping_status":"open","sticky":false,"template":"","format":"standard","meta":[],"categories":[5,7],"tags":[],"_links":{"self":[{"href":"https:\/\/comunitariachile.org\/web\/wp-json\/wp\/v2\/posts\/630"}],"collection":[{"href":"https:\/\/comunitariachile.org\/web\/wp-json\/wp\/v2\/posts"}],"about":[{"href":"https:\/\/comunitariachile.org\/web\/wp-json\/wp\/v2\/types\/post"}],"author":[{"embeddable":true,"href":"https:\/\/comunitariachile.org\/web\/wp-json\/wp\/v2\/users\/1"}],"replies":[{"embeddable":true,"href":"https:\/\/comunitariachile.org\/web\/wp-json\/wp\/v2\/comments?post=630"}],"version-history":[{"count":17,"href":"https:\/\/comunitariachile.org\/web\/wp-json\/wp\/v2\/posts\/630\/revisions"}],"predecessor-version":[{"id":806,"href":"https:\/\/comunitariachile.org\/web\/wp-json\/wp\/v2\/posts\/630\/revisions\/806"}],"wp:featuredmedia":[{"embeddable":true,"href":"https:\/\/comunitariachile.org\/web\/wp-json\/wp\/v2\/media\/762"}],"wp:attachment":[{"href":"https:\/\/comunitariachile.org\/web\/wp-json\/wp\/v2\/media?parent=630"}],"wp:term":[{"taxonomy":"category","embeddable":true,"href":"https:\/\/comunitariachile.org\/web\/wp-json\/wp\/v2\/categories?post=630"},{"taxonomy":"post_tag","embeddable":true,"href":"https:\/\/comunitariachile.org\/web\/wp-json\/wp\/v2\/tags?post=630"}],"curies":[{"name":"wp","href":"https:\/\/api.w.org\/{rel}","templated":true}]}}