{"id":590,"date":"2021-02-06T19:34:33","date_gmt":"2021-02-06T22:34:33","guid":{"rendered":"http:\/\/comunitariachile.org\/web\/?p=590"},"modified":"2021-10-23T16:45:34","modified_gmt":"2021-10-23T19:45:34","slug":"declaracion-publica-protesta-por-el-asesinato-de-francisco-andres-martinez-romero-en-panguipulli","status":"publish","type":"post","link":"https:\/\/comunitariachile.org\/web\/declaracion-publica-protesta-por-el-asesinato-de-francisco-andres-martinez-romero-en-panguipulli\/","title":{"rendered":"Declaraci\u00f3n p\u00fablica sobre protesta por el asesinato de Francisco Andr\u00e9s Mart\u00ednez Romero en Panguipulli"},"content":{"rendered":"\r\n<blockquote>\r\n<p style=\"text-align: left;\">Como Sociedad Chilena de Psicolog\u00eda Comunitaria, queremos expresar nuestro dolor y nuestro en\u00e9rgico rechazo por la muerte de Francisco Mart\u00ednez Romero, joven artista callejero asesinado por Carabineros de Chile en un procedimiento de control de identidad. Esta situaci\u00f3n no resiste ning\u00fan an\u00e1lisis, tanto en su justificaci\u00f3n como en la desproporci\u00f3n de los medios empleados ante la supuesta amenaza que representaba un malabarista premunido de \u201carmas blancas\u201d confeccionadas con lat\u00f3n de librer\u00eda.<\/p>\r\n<\/blockquote>\r\n<p style=\"text-align: left;\">Francisco, si bien no era originario de Panguipulli, formaba parte del paisaje urbano de su comunidad como malabarista y artesano. Buscaba vivir y obtener sus medios de subsistencia en las calles de este pueblo tur\u00edstico. A partir de la informaci\u00f3n que ha ido apareciendo, nos hemos enterado de que se encontraba en situaci\u00f3n de calle y que hab\u00eda sido usuario de programas municipales debido a su vulnerabilidad. Han aparecido testimonios de vecinas y vecinos que lo identificaban y trataban con \u00e9l, y ninguno entreg\u00f3 alg\u00fan elemento que permitiese se\u00f1alarlo como una amenaza a la seguridad p\u00fablica.<br \/><br \/>Estos elementos agravan a\u00fan m\u00e1s la brutalidad y desproporci\u00f3n del accionar de Carabineros. No s\u00f3lo del comportamiento puntual del suboficial que dispar\u00f3 cinco veces a un joven armado con sables de utiler\u00eda, sino tambi\u00e9n de una instituci\u00f3n completa que justifica la respuesta policial con el absurdo argumento de la leg\u00edtima defensa. Nos preguntamos seriamente si este desprecio por la vida humana se habr\u00eda manifestado de igual manera en procedimientos donde estuviesen implicados j\u00f3venes que no sean pobres ni est\u00e9n en alguna situaci\u00f3n de vulnerabilidad. Es doloroso comprobar -una vez m\u00e1s- un sesgo clasista en la actuaci\u00f3n de Carabineros, que acompa\u00f1a otros sesgos de los cuales ha hecho gala en su casi centenaria historia institucional, como el racismo, la xenofobia, el machismo, la misoginia, la homofobia, la transfobia, y la persecuci\u00f3n de la disidencia ideol\u00f3gica y, en este caso, la efebifobia -o fobia a los j\u00f3venes- a quienes ha perseguido sistem\u00e1ticamente, dentro y fuera de la ley, en especial si \u00e9stos forman parte de los sectores m\u00e1s vulnerables de nuestra poblaci\u00f3n.<br \/><br \/>Deploramos tambi\u00e9n el extrav\u00edo moral de las autoridades tanto del nivel regional como nacional, que anteponen nerviosamente la urgencia de restablecer el orden y la seguridad p\u00fablica, a la tragedia de sacrificar una vida de manera tan cruel. La vida de un joven popular, modesto, en situaci\u00f3n precarizada, cultor de artes para las cuales el \u00fanico escenario permitido es la dureza de la calle.<br \/><br \/>La irracionalidad de lo ocurrido despu\u00e9s -el incendio de m\u00faltiples dependencias p\u00fablicas, comenzando por la Municipalidad- se entiende desde el atropello cometido y la profunda sensaci\u00f3n de impotencia ante la impunidad y el desprecio por la vida con que operan la autoridad pol\u00edtica y su brazo policial. Cada vez m\u00e1s se hace m\u00e1s urgente la reforma policial, ante la larga cadena de violencias ejercidas por sus funcionarios no s\u00f3lo desde el 18 de octubre de 2019, sino desde su misma fundaci\u00f3n; pero nos preguntamos leg\u00edtimamente si nuestra clase pol\u00edtica, refugiada en su priorizaci\u00f3n por el orden p\u00fablico, est\u00e1 a la altura de esa tarea tan importante.<br \/><br \/>Como Sociedad, exigimos que se haga justicia con este crimen terrible, y -a pesar de nuestro escepticismo- que se d\u00e9 prioridad a la reorganizaci\u00f3n de Carabineros de Chile, y en general de sus estamentos armados, para convertirlos de una vez por todas en instituciones que se sometan al marco normativo de los Derechos Humanos y que han sido ratificados por nuestro pa\u00eds. Finalmente, hacemos llegar nuestra solidaridad y condolencias a la familia y a las amigas y amigos de Francisco, as\u00ed como a las vecinas y vecinos de Panguipulli que presenciaron, a plena luz del d\u00eda, c\u00f3mo Carabineros de Chile les arranc\u00f3 la vida de un miembro de su comunidad.<\/p>\r\n","protected":false},"excerpt":{"rendered":"<p>Como Sociedad Chilena de Psicolog\u00eda Comunitaria, queremos expresar nuestro dolor y nuestro en\u00e9rgico rechazo por la muerte de Francisco Mart\u00ednez Romero, joven artista callejero asesinado por Carabineros de Chile en [&hellip;]<\/p>\n","protected":false},"author":1,"featured_media":753,"comment_status":"closed","ping_status":"open","sticky":false,"template":"","format":"standard","meta":[],"categories":[34,5,7],"tags":[25,26,22,24,21,23],"_links":{"self":[{"href":"https:\/\/comunitariachile.org\/web\/wp-json\/wp\/v2\/posts\/590"}],"collection":[{"href":"https:\/\/comunitariachile.org\/web\/wp-json\/wp\/v2\/posts"}],"about":[{"href":"https:\/\/comunitariachile.org\/web\/wp-json\/wp\/v2\/types\/post"}],"author":[{"embeddable":true,"href":"https:\/\/comunitariachile.org\/web\/wp-json\/wp\/v2\/users\/1"}],"replies":[{"embeddable":true,"href":"https:\/\/comunitariachile.org\/web\/wp-json\/wp\/v2\/comments?post=590"}],"version-history":[{"count":8,"href":"https:\/\/comunitariachile.org\/web\/wp-json\/wp\/v2\/posts\/590\/revisions"}],"predecessor-version":[{"id":800,"href":"https:\/\/comunitariachile.org\/web\/wp-json\/wp\/v2\/posts\/590\/revisions\/800"}],"wp:featuredmedia":[{"embeddable":true,"href":"https:\/\/comunitariachile.org\/web\/wp-json\/wp\/v2\/media\/753"}],"wp:attachment":[{"href":"https:\/\/comunitariachile.org\/web\/wp-json\/wp\/v2\/media?parent=590"}],"wp:term":[{"taxonomy":"category","embeddable":true,"href":"https:\/\/comunitariachile.org\/web\/wp-json\/wp\/v2\/categories?post=590"},{"taxonomy":"post_tag","embeddable":true,"href":"https:\/\/comunitariachile.org\/web\/wp-json\/wp\/v2\/tags?post=590"}],"curies":[{"name":"wp","href":"https:\/\/api.w.org\/{rel}","templated":true}]}}