{"id":59,"date":"2016-06-13T00:00:48","date_gmt":"2016-06-13T03:00:48","guid":{"rendered":"http:\/\/comunitariachile.org\/web\/?p=59"},"modified":"2021-10-18T18:26:46","modified_gmt":"2021-10-18T21:26:46","slug":"visual-project-de-hugo-salinas-presente-en-lanzamiento-de-sitio-web-sochipsico","status":"publish","type":"post","link":"https:\/\/comunitariachile.org\/web\/visual-project-de-hugo-salinas-presente-en-lanzamiento-de-sitio-web-sochipsico\/","title":{"rendered":"\u00abVISUAL PROJECT\u00bb DE HUGO SALINAS presente en lanzamiento de sitio web Sochipsico"},"content":{"rendered":"<p><strong>Comisi\u00f3n de\u00a0<\/strong><strong>Gesti\u00f3n\u00a0<\/strong><strong>del\u00a0<\/strong><strong>conocimiento (<\/strong><strong>GdC<\/strong><strong>)\u00a0<\/strong>logra la colaboraci\u00f3n de\u00a0<strong>Hugo Salinas<\/strong>, quien se ha apropiado de este escenario digital para presentar obras originales in\u00e9ditas en collage.<\/p>\n<p><strong>Hugo Salinas\u00a0<\/strong>realiza collages desde hace 30 a\u00f1os. Desde los \u00faltimos 5 a\u00f1os, ha intensificado su trabajo y prepara su primera exposici\u00f3n individual para este a\u00f1o. Para \u00e9l<em>, \u201cel arte del collage es otra manera de leer el mundo y su momento hist\u00f3rico, cortar y pegar los bordes de una memoria global\u201d<\/em>. De profesi\u00f3n cineasta, gestor cultural y documentalista, ha desarrollado su carrera audiovisual en Europa en los \u00faltimos 20 a\u00f1os. Tambi\u00e9n de manera experimental ha incorporado el collage en su obra audiovisual como otra forma de expresi\u00f3n. Actualmente reside en Santiago de Chile.<\/p>\n<p>A nombre de la\u00a0<strong>Comisi\u00f3n\u00a0<\/strong><strong>GdC<\/strong>\u00a0y de la directiva, agradecemos enormemente a\u00a0<strong>Hugo Salinas\u00a0<\/strong>quien ha potenciado el que este sitio sea tambi\u00e9n una galer\u00eda para disfrutar\u00a0<strong>\u201cVisual Project\u201d.<\/strong><\/p>\n<p>Para conocer, promocionar y\/o adquirir las obras puedes pinchar en la secci\u00f3n que hemos dispuesto para su trabajo<\/p>\n","protected":false},"excerpt":{"rendered":"<p>Comisi\u00f3n de\u00a0Gesti\u00f3n\u00a0del\u00a0conocimiento (GdC)\u00a0logra la colaboraci\u00f3n de\u00a0Hugo Salinas, quien se ha apropiado de este escenario digital para presentar obras originales in\u00e9ditas en collage. Hugo Salinas\u00a0realiza collages desde hace 30 a\u00f1os. Desde [&hellip;]<\/p>\n","protected":false},"author":1,"featured_media":61,"comment_status":"closed","ping_status":"closed","sticky":false,"template":"","format":"standard","meta":[],"categories":[1,5],"tags":[],"_links":{"self":[{"href":"https:\/\/comunitariachile.org\/web\/wp-json\/wp\/v2\/posts\/59"}],"collection":[{"href":"https:\/\/comunitariachile.org\/web\/wp-json\/wp\/v2\/posts"}],"about":[{"href":"https:\/\/comunitariachile.org\/web\/wp-json\/wp\/v2\/types\/post"}],"author":[{"embeddable":true,"href":"https:\/\/comunitariachile.org\/web\/wp-json\/wp\/v2\/users\/1"}],"replies":[{"embeddable":true,"href":"https:\/\/comunitariachile.org\/web\/wp-json\/wp\/v2\/comments?post=59"}],"version-history":[{"count":3,"href":"https:\/\/comunitariachile.org\/web\/wp-json\/wp\/v2\/posts\/59\/revisions"}],"predecessor-version":[{"id":874,"href":"https:\/\/comunitariachile.org\/web\/wp-json\/wp\/v2\/posts\/59\/revisions\/874"}],"wp:featuredmedia":[{"embeddable":true,"href":"https:\/\/comunitariachile.org\/web\/wp-json\/wp\/v2\/media\/61"}],"wp:attachment":[{"href":"https:\/\/comunitariachile.org\/web\/wp-json\/wp\/v2\/media?parent=59"}],"wp:term":[{"taxonomy":"category","embeddable":true,"href":"https:\/\/comunitariachile.org\/web\/wp-json\/wp\/v2\/categories?post=59"},{"taxonomy":"post_tag","embeddable":true,"href":"https:\/\/comunitariachile.org\/web\/wp-json\/wp\/v2\/tags?post=59"}],"curies":[{"name":"wp","href":"https:\/\/api.w.org\/{rel}","templated":true}]}}