{"id":550,"date":"2018-08-06T18:44:06","date_gmt":"2018-08-06T21:44:06","guid":{"rendered":"http:\/\/comunitariachile.org\/web\/?p=550"},"modified":"2021-10-18T13:36:16","modified_gmt":"2021-10-18T16:36:16","slug":"preparativos-de-la-7ma-conferencia-internacional-de-psicologia-comunitaria","status":"publish","type":"post","link":"https:\/\/comunitariachile.org\/web\/preparativos-de-la-7ma-conferencia-internacional-de-psicologia-comunitaria\/","title":{"rendered":"Preparativos de la 7ma Conferencia Internacional de Psicolog\u00eda Comunitaria"},"content":{"rendered":"\r\n\r\n\r\n<blockquote>La cita reunir\u00e1 a m\u00e1s de 600 participantes de m\u00e1s de 20 pa\u00edses. El tema central de la Conferencia enfatiza el intercambio y debate sobre la participaci\u00f3n y el poder organizativo de las comunidades actuales en la generaci\u00f3n de espacios de convivencia, solidaridad e integraci\u00f3n.<\/blockquote>\r\n\r\n\r\n\r\n<p>Durante los d\u00edas 4, 5, 6 y 7 de octubre se realizar\u00e1 por primera vez en Chile la S\u00e9ptima Conferencia Internacional de Psicolog\u00eda Comunitaria. Esta tendr\u00e1 lugar en el Campus G\u00f3mez Millas (Las Palmeras 3425. \u00d1u\u00f1oa) de La Universidad de Chile.<\/p>\r\n\r\n\r\n\r\n<p>La organizaci\u00f3n de esta 7\u00b0 Conferencia Internacional de Psicolog\u00eda Comunitaria surge y expresa una red de equipos acad\u00e9micos de m\u00e1s de 17 universidades chilenas que, en el marco de un trabajo cooperativo, entretejido por m\u00e1s de 10 a\u00f1os, integra y articula la Sociedad Chilena de Psicolog\u00eda Comunitaria, como expresi\u00f3n del desarrollo investigativo, formativo y profesional que ha tenido la disciplina en la \u00faltima d\u00e9cada.<\/p>\r\n\r\n\r\n\r\n<p>Se trata del m\u00e1s importante evento que se realiza en torno a esta especialidad de la psicolog\u00eda que ha cobrado relevancia en las \u00faltimas d\u00e9cadas en el mundo.<\/p>\r\n\r\n\r\n\r\n<p>A trav\u00e9s de este evento internacional buscar\u00e1n promover el desarrollo de la disciplina, en sus aspectos cient\u00edficos y profesionales y en particular el aporte de ella al respeto por la diversidad, la convivencia social, la inclusi\u00f3n y el bienestar comunitario.<\/p>\r\n\r\n\r\n\r\n<p>La 7a Conferencia Internacional de Psicolog\u00eda Comunitaria congregar\u00e1 a importantes acad\u00e9micos, investigadores y profesionales de Latino am\u00e9rica, Norte Am\u00e9rica, Europa y \u00c1frica.<\/p>\r\n\r\n\r\n\r\n<p>Contando con figuras relevantes de esta disciplina a nivel mundial tanto de habla hispana como inglesa.<\/p>\r\n\r\n\r\n\r\n<p>Para su ejecuci\u00f3n se han programado seis ejes principales, entre los cuales destaca la Formaci\u00f3n en Investigaci\u00f3n asociada a la Praxis Profesional; Pol\u00edticas P\u00fablicas y acci\u00f3n Comunitaria, Perspectiva comunitaria de la Convivencia y Justicia Social; Metodolog\u00edas, Pr\u00e1cticas de Acci\u00f3n Y Trabajo Multidisciplinario, entre otros.<\/p>\r\n\r\n\r\n\r\n<ul class=\"wp-container-2 wp-block-gallery-1 wp-block-gallery columns-3 is-cropped\">\r\n<li class=\"blocks-gallery-item\">\r\n<figure><img src=\"http:\/\/comunitariachile.org\/web\/wp-content\/uploads\/2018\/08\/grupo-motor-1.jpg\" alt=\"\" data-id=\"563\" data-link=\"http:\/\/comunitariachile.org\/web\/?attachment_id=563\" \/><\/figure>\r\n<\/li>\r\n<li class=\"blocks-gallery-item\">\r\n<figure><img src=\"http:\/\/comunitariachile.org\/web\/wp-content\/uploads\/2018\/08\/grupo-motor-3.jpg\" alt=\"\" data-id=\"566\" data-link=\"http:\/\/comunitariachile.org\/web\/?attachment_id=566\" \/><\/figure>\r\n<\/li>\r\n<li class=\"blocks-gallery-item\">\r\n<figure><img src=\"http:\/\/comunitariachile.org\/web\/wp-content\/uploads\/2018\/08\/grupo-motor-4.jpg\" alt=\"\" data-id=\"565\" data-link=\"http:\/\/comunitariachile.org\/web\/?attachment_id=565\" \/><\/figure>\r\n<\/li>\r\n<li class=\"blocks-gallery-item\">\r\n<figure><img src=\"http:\/\/comunitariachile.org\/web\/wp-content\/uploads\/2018\/08\/grupo-motor-5.jpg\" alt=\"\" data-id=\"564\" data-link=\"http:\/\/comunitariachile.org\/web\/?attachment_id=564\" \/><\/figure>\r\n<\/li>\r\n<\/ul>\r\n\r\n\r\n\r\n<p style=\"text-align: right;\"><em>Grupos motores preparando los temas de la conferencia.<\/em><\/p>\r\n\r\n\r\n\r\n<p>El prop\u00f3sito fundamental de la Psicolog\u00eda Comunitaria es intervenir en las comunidades, apoyar la organizaci\u00f3n de \u00e9stas para crear espacios de convivencia, solidaridad e integraci\u00f3n y promover el respeto por la diversidad, la convivencia social, la inclusi\u00f3n y el bienestar comunitario y social.<\/p>\r\n\r\n\r\n\r\n<p>Son de su inter\u00e9s los temas de migraci\u00f3n, discriminaci\u00f3n, violencia social, ni\u00f1ez vulnerable, adiciones y, bullying escolar y discapacidad. Asimismo el empoderamiento y el desarrollo de comunitario, los problemas de pobreza y precariedad, las personas en situaci\u00f3n de calle y la soledad de los adultos mayores, entre otros.<\/p>\r\n\r\n\r\n\r\n<p>El presidente del grupo organizador de la 7\u00b0CIPC, acad\u00e9mico Jaime Alfaro, de la Universidad del Desarrollo, destac\u00f3 la importancia que ha cobrado en Chile la Psicolog\u00eda Comunitaria y su incorporaci\u00f3n como otra especialidad en los planes de estudio de la carrera de Psicolog\u00eda: \u201cHoy m\u00e1s del 90 por ciento de la escuelas de psicolog\u00eda en las m\u00e1s destacadas Universidades Chilenas imparten esta especialidad acad\u00e9mica\u201d<\/p>\r\n\r\n\r\n\r\n<p>Explic\u00f3 que a partir de la d\u00e9cada de los 90, comenzaron a surgir en Chile nuevas problem\u00e1ticas sociales que interpelaron a la psicolog\u00eda tales como discriminaci\u00f3n, derechos de la Infancia, pol\u00edticas frente a personas en extrema pobreza, lo que llev\u00f3 a los psic\u00f3logos a trabajar con equipos multidisciplinarios, en programas que se vinculan directamente con las familias afectadas.<\/p>\r\n\r\n\r\n\r\n<p>La Psicolog\u00eda Comunitaria tiene adem\u00e1s una ra\u00edz preventiva, pues tiene a la comunidad como sujeto de estudio a partir de sus condiciones, sociales, culturales y ambientales. Ello a fin de realizar acciones orientadas al mejoramiento de las condiciones de vida de la gente a partir del fortalecimiento de su comunidad. La metodolog\u00eda que utiliza privilegia un enfoque territorial, participativo para quienes est\u00e1n involucrados en sus procesos de intervenci\u00f3n, intentando generar cambios de largo plazo en los sistemas sociales en los que esos grupos est\u00e1n insertos.<\/p>\r\n\r\n\r\n\r\n<p><strong>Invitados Internacionales<\/strong><\/p>\r\n\r\n\r\n\r\n<p>1) PIERRE DARDOT Ph.D. Universit\u00e9 de Paris Ouest Nanterre La D\u00e9fense.<br \/>2) BRINTON LYKES Ph.D. Boston College<br \/>3) PENNY FOSTER-FISHMAN Ph.D. University of Illinois at Chicago<br \/>4) SUSAN DVORAK MCMAHON. Ph.D. University of Illinois at Chicago<br \/>5) TERRY MITCHELL Ph.D. University of Toronto<br \/>6) ENRIQUE SOFORCADA Ph.D. Universidad de Belgrano, Argentina<br \/>7) DOUGLAS DEMAREE PERKINS Ph.D. New York University<br \/>8) ANDR\u00c9S DI MASSO Ph.D. Universidad de Barcelona<br \/>9) MARC ZIMMERMAN Ph.D. University of Illinois<br \/>10) JORGE CASTELL\u00c1 SARRIERA Ph.D. Universidad Aut\u00f3noma de Madrid<br \/>11) LEONOR CANTERA ESPINOSA Ph.D. Universidad Aut\u00f3noma de Barcelona<br \/>12) ALIPIO S\u00c1NCHEZ VIDAL Ph.D. Universidad de Barcelona<br \/>13) JOS\u00c9 ORNELAS Ph.D. Universidad de Oporto, Portugal<br \/>14) IRMA SERRANO-GARC\u00cdA Ph.D. Universidad de Michigan<br \/>15) ALICIA RODR\u00cdGUEZ M.Sc. Universidad Nacional de Mar del Plata<br \/>16) VER\u00d4NICA MORAIS XIMENES Ph.D. Universidad de Barcelona<br \/>17) ESTHER WIESENFELD Ph.D. Universidad Central de Venezuela<br \/>18) MARIANE KRAUSE Ph.D. Freie Universit\u00e4t Berlin<br \/>19) BENITO BARANDA PHD en Sociolog\u00eda con menci\u00f3n en exclusi\u00f3n social en la Pontificia Universidad Comillas de Madrid <br \/>20) ELIZABETH LIRA Decana de la Facultad de Psicolog\u00eda de la Universidad Alberto Hurtado<br \/>21) CHRISTOPHER SONN Ph.D. Victoria University Melbourne.<br \/>22) MARITZA MONTERO Ph.D. Universidad de Paris<\/p>\r\n","protected":false},"excerpt":{"rendered":"<p>La cita reunir\u00e1 a m\u00e1s de 600 participantes de m\u00e1s de 20 pa\u00edses. El tema central de la Conferencia enfatiza el intercambio y debate sobre la participaci\u00f3n y el poder [&hellip;]<\/p>\n","protected":false},"author":1,"featured_media":557,"comment_status":"closed","ping_status":"open","sticky":false,"template":"","format":"standard","meta":[],"categories":[1],"tags":[],"_links":{"self":[{"href":"https:\/\/comunitariachile.org\/web\/wp-json\/wp\/v2\/posts\/550"}],"collection":[{"href":"https:\/\/comunitariachile.org\/web\/wp-json\/wp\/v2\/posts"}],"about":[{"href":"https:\/\/comunitariachile.org\/web\/wp-json\/wp\/v2\/types\/post"}],"author":[{"embeddable":true,"href":"https:\/\/comunitariachile.org\/web\/wp-json\/wp\/v2\/users\/1"}],"replies":[{"embeddable":true,"href":"https:\/\/comunitariachile.org\/web\/wp-json\/wp\/v2\/comments?post=550"}],"version-history":[{"count":16,"href":"https:\/\/comunitariachile.org\/web\/wp-json\/wp\/v2\/posts\/550\/revisions"}],"predecessor-version":[{"id":849,"href":"https:\/\/comunitariachile.org\/web\/wp-json\/wp\/v2\/posts\/550\/revisions\/849"}],"wp:featuredmedia":[{"embeddable":true,"href":"https:\/\/comunitariachile.org\/web\/wp-json\/wp\/v2\/media\/557"}],"wp:attachment":[{"href":"https:\/\/comunitariachile.org\/web\/wp-json\/wp\/v2\/media?parent=550"}],"wp:term":[{"taxonomy":"category","embeddable":true,"href":"https:\/\/comunitariachile.org\/web\/wp-json\/wp\/v2\/categories?post=550"},{"taxonomy":"post_tag","embeddable":true,"href":"https:\/\/comunitariachile.org\/web\/wp-json\/wp\/v2\/tags?post=550"}],"curies":[{"name":"wp","href":"https:\/\/api.w.org\/{rel}","templated":true}]}}