{"id":520,"date":"2017-10-02T15:20:48","date_gmt":"2017-10-02T18:20:48","guid":{"rendered":"http:\/\/comunitariachile.org\/web\/?p=520"},"modified":"2021-10-18T17:36:44","modified_gmt":"2021-10-18T20:36:44","slug":"se-pospone-congreso-de-intervencion-y-praxis-comunitaria-puerto-rico-2017","status":"publish","type":"post","link":"https:\/\/comunitariachile.org\/web\/se-pospone-congreso-de-intervencion-y-praxis-comunitaria-puerto-rico-2017\/","title":{"rendered":"Se pospone Congreso de Intervenci\u00f3n y Praxis Comunitaria, Puerto Rico, 2017"},"content":{"rendered":"<blockquote><p>Como es de su conocimiento, la isla de Puerto Rico ha sido devastada en su totalidad por un hurac\u00e1n de categor\u00eda 5, de proporciones catastr\u00f3ficas. Como residentes de una isla caribe\u00f1a estamos acostumbrados a manejar emergencias de huracanes, sin embargo, nunca hab\u00edamos experimentado un evento de esta magnitud. Los da\u00f1os han sido masivos y al momento no se conoce ni la cifra de fallecidos, ni un c\u00e1lculo oficial de p\u00e9rdidas econ\u00f3micas, ni de propiedades, debido a que todav\u00eda muchos pueblos del Pa\u00eds permanecen con carreteras y puentes destruidos e incomunicados por la v\u00eda terrestre.<\/p><\/blockquote>\n<p>Todo el pa\u00eds ha quedado incomunicado, sin agua, sin combustible para la transportaci\u00f3n y el funcionamiento de los comercios, y sin electricidad en residencias e instituciones. Hay miles de personas que perdieron sus casas y permanecen refugiadas, y muchos hospitales no tienen energ\u00eda para atender la emergencia. Tambi\u00e9n hay problemas con los abastos de alimentos. El gobierno tardar\u00e1 alg\u00fan tiempo en reestablecer la normalidad para los ciudadanos, hasta ahora se habla de meses.<\/p>\n<p>La Junta de Gobierno de la Universidad de Puerto Rico, se encuentra evaluando y reparando los da\u00f1os a sus instalaciones, y ha suspendido sus operaciones hasta nuevo aviso. Ante la situaci\u00f3n de la falta de comunicaciones, y de vernos imposibilitados de garantizarles por el momento los servicios b\u00e1sicos a nuestros invitados y colegas de los pa\u00edses latinoamericanos participantes, con mucho pesar, nos vemos precisados de reprogramar la sexta edici\u00f3n del Congreso Internacional de Intervenci\u00f3n y Praxis Comunitaria, hasta una pr\u00f3xima fecha a ser anunciada. En cuanto nos sea posible estaremos estableciendo comunicaci\u00f3n y tomando decisiones en conjunto, con los fundadores y colaboradores de este Congreso respecto a la nueva fecha.<\/p>\n<p>A nuestros hermanos de los distintos pa\u00edses de Latinoam\u00e9rica Jorge Mario, Bernardo, Maritza, F\u00e1tima, Germ\u00e1n, Genoveva, Pamela, Fernando, Lis Sanya, Luiz Gilberto, Alicia, Ana, Delma, Mauricio, Yanina, Cecilia, y tantos otros colaboradores que forman parte central de este esfuerzo en otros pa\u00edses, y en Puerto Rico, Lola, Irma, Liliana, Edwin, Luisa, Lizandra, Antoinette, Juana, Juan, Laurimar, Alejandro, el Departamento de Ciencias Sociales de la UPR Cayey, nuestros estudiantes, Decanos y Rector, deseamos enviarles un mensaje de que aunque hayamos sufrido p\u00e9rdidas materiales, nos encontramos con vida y salud, y con la mayor esperanza de reestablecernos lo antes posible. Tambi\u00e9n quiero agradecer sus mensajes de buenos deseos, y de aliento y fortaleza previos al hurac\u00e1n. Ya tendremos ocasi\u00f3n de comunicarnos pronto.<\/p>\n<p>Estoy enviando este mensaje desde mi tel\u00e9fono sin se\u00f1al a mi asistente que se encuentra en Boston, esperando que pase en alg\u00fan momento y que ella pueda hacerlo llegar a todos ustedes. Tan pronto logremos reestablecer las comunicaciones les estaremos enviando informaci\u00f3n actualizada sobre el Congreso.<\/p>\n<p>Reciban todos mi abrazo solidario,<\/p>\n<p><em>Elisa Rodr\u00edguez Maldonado,<\/em><br \/>\n<em>Coordinadora General de la 6a edici\u00f3n del Congreso Internacional de Intervenci\u00f3n y Praxis Comunitaria<\/em><\/p>\n","protected":false},"excerpt":{"rendered":"<p>Como es de su conocimiento, la isla de Puerto Rico ha sido devastada en su totalidad por un hurac\u00e1n de categor\u00eda 5, de proporciones catastr\u00f3ficas. Como residentes de una isla [&hellip;]<\/p>\n","protected":false},"author":1,"featured_media":194,"comment_status":"closed","ping_status":"open","sticky":false,"template":"","format":"standard","meta":[],"categories":[1,5,8],"tags":[],"_links":{"self":[{"href":"https:\/\/comunitariachile.org\/web\/wp-json\/wp\/v2\/posts\/520"}],"collection":[{"href":"https:\/\/comunitariachile.org\/web\/wp-json\/wp\/v2\/posts"}],"about":[{"href":"https:\/\/comunitariachile.org\/web\/wp-json\/wp\/v2\/types\/post"}],"author":[{"embeddable":true,"href":"https:\/\/comunitariachile.org\/web\/wp-json\/wp\/v2\/users\/1"}],"replies":[{"embeddable":true,"href":"https:\/\/comunitariachile.org\/web\/wp-json\/wp\/v2\/comments?post=520"}],"version-history":[{"count":5,"href":"https:\/\/comunitariachile.org\/web\/wp-json\/wp\/v2\/posts\/520\/revisions"}],"predecessor-version":[{"id":860,"href":"https:\/\/comunitariachile.org\/web\/wp-json\/wp\/v2\/posts\/520\/revisions\/860"}],"wp:featuredmedia":[{"embeddable":true,"href":"https:\/\/comunitariachile.org\/web\/wp-json\/wp\/v2\/media\/194"}],"wp:attachment":[{"href":"https:\/\/comunitariachile.org\/web\/wp-json\/wp\/v2\/media?parent=520"}],"wp:term":[{"taxonomy":"category","embeddable":true,"href":"https:\/\/comunitariachile.org\/web\/wp-json\/wp\/v2\/categories?post=520"},{"taxonomy":"post_tag","embeddable":true,"href":"https:\/\/comunitariachile.org\/web\/wp-json\/wp\/v2\/tags?post=520"}],"curies":[{"name":"wp","href":"https:\/\/api.w.org\/{rel}","templated":true}]}}