{"id":418,"date":"2017-08-16T22:54:34","date_gmt":"2017-08-17T01:54:34","guid":{"rendered":"http:\/\/comunitariachile.org\/web\/?p=418"},"modified":"2021-10-23T16:45:23","modified_gmt":"2021-10-23T19:45:23","slug":"sociedad-chilena-de-psicologia-comunitaria-realiza-segunda-asamblea-ano-2017","status":"publish","type":"post","link":"https:\/\/comunitariachile.org\/web\/sociedad-chilena-de-psicologia-comunitaria-realiza-segunda-asamblea-ano-2017\/","title":{"rendered":"Sociedad Chilena de Psicolog\u00eda Comunitaria realiza Segunda Asamblea a\u00f1o 2017"},"content":{"rendered":"<blockquote><p>Con la participaci\u00f3n de, aproximadamente, 30 socias y socios se desarroll\u00f3, en el Campus San Joaqu\u00edn de la Universidad Cat\u00f3lica, ciudad de Santiago, la Segunda Asamblea 2017 de la Sociedad Chilena de Psicolog\u00eda Comunitaria.<\/p><\/blockquote>\n<p>En el encuentro se reflexion\u00f3 y discuti\u00f3 sobre el quehacer de la Sociedad y proyectos en curso. Como resultado de esta Asamblea se ratifica Directiva de la Sociedad, se socializa actualizaci\u00f3n de p\u00e1gina web\u00a0<a href=\"http:\/\/www.comunitariachile.org\/web\/\" data-saferedirecturl=\"https:\/\/www.google.com\/url?hl=es&amp;q=http:\/\/www.comunitariachile.org\/web\/&amp;source=gmail&amp;ust=1503020319044000&amp;usg=AFQjCNElZ_rCBNOLvf7wkL0Es24xKFyF0g\">www.comunitariachile.org\/web\/<\/a>\u00a0y se contin\u00faa trabajando en la Organizaci\u00f3n de la 7ma Conferencia Internacional de Psicolog\u00eda Comunitaria 2018.<\/p>\n<p>\u201cPor una comunidad en movimiento, los esperamos en Chile 2018\u201d<\/p>\n","protected":false},"excerpt":{"rendered":"<p>Con la participaci\u00f3n de, aproximadamente, 30 socias y socios se desarroll\u00f3, en el Campus San Joaqu\u00edn de la Universidad Cat\u00f3lica, ciudad de Santiago, la Segunda Asamblea 2017 de la Sociedad [&hellip;]<\/p>\n","protected":false},"author":1,"featured_media":400,"comment_status":"closed","ping_status":"open","sticky":false,"template":"","format":"standard","meta":[],"categories":[5,8,35],"tags":[],"_links":{"self":[{"href":"https:\/\/comunitariachile.org\/web\/wp-json\/wp\/v2\/posts\/418"}],"collection":[{"href":"https:\/\/comunitariachile.org\/web\/wp-json\/wp\/v2\/posts"}],"about":[{"href":"https:\/\/comunitariachile.org\/web\/wp-json\/wp\/v2\/types\/post"}],"author":[{"embeddable":true,"href":"https:\/\/comunitariachile.org\/web\/wp-json\/wp\/v2\/users\/1"}],"replies":[{"embeddable":true,"href":"https:\/\/comunitariachile.org\/web\/wp-json\/wp\/v2\/comments?post=418"}],"version-history":[{"count":3,"href":"https:\/\/comunitariachile.org\/web\/wp-json\/wp\/v2\/posts\/418\/revisions"}],"predecessor-version":[{"id":866,"href":"https:\/\/comunitariachile.org\/web\/wp-json\/wp\/v2\/posts\/418\/revisions\/866"}],"wp:featuredmedia":[{"embeddable":true,"href":"https:\/\/comunitariachile.org\/web\/wp-json\/wp\/v2\/media\/400"}],"wp:attachment":[{"href":"https:\/\/comunitariachile.org\/web\/wp-json\/wp\/v2\/media?parent=418"}],"wp:term":[{"taxonomy":"category","embeddable":true,"href":"https:\/\/comunitariachile.org\/web\/wp-json\/wp\/v2\/categories?post=418"},{"taxonomy":"post_tag","embeddable":true,"href":"https:\/\/comunitariachile.org\/web\/wp-json\/wp\/v2\/tags?post=418"}],"curies":[{"name":"wp","href":"https:\/\/api.w.org\/{rel}","templated":true}]}}