{"id":1370,"date":"2023-01-19T21:30:39","date_gmt":"2023-01-20T00:30:39","guid":{"rendered":"https:\/\/comunitariachile.org\/web\/?p=1370"},"modified":"2023-01-19T21:37:24","modified_gmt":"2023-01-20T00:37:24","slug":"psicologia-politicas-publicas-e-comunidades-pesquisas-experiencias-e-reflexoes","status":"publish","type":"post","link":"https:\/\/comunitariachile.org\/web\/psicologia-politicas-publicas-e-comunidades-pesquisas-experiencias-e-reflexoes\/","title":{"rendered":"Psicologia, Pol\u00edticas P\u00fablicas e Comunidades: pesquisas, experi\u00eancias e reflex\u00f5es"},"content":{"rendered":"<p>[vc_row][vc_column width=\u00bb1\/2&#8243;][vc_column_text]<\/p>\n<h4><span style=\"color: #808080;\">Autores: J\u00e1der Ferreira Leite, Jaime Andr\u00e9s Alfaro Inzunza, Mart\u00edn de Lellis, Rafael Bianchi Silva y Schelica Mozobancyk (Organizadores)<br \/>\n<\/span><\/h4>\n<hr \/>\n<h4><span style=\"color: #808080;\">Formato: PDF<\/span><\/h4>\n<p>Sustentados en los nuevos paradigmas y en las bases conceptuales de la Salud y de la Psicolog\u00eda Comunitaria, un grupo de profesionales que trabajan en programas de postgrado de Psicolog\u00eda y otras \u00e1reas afines, de pa\u00edses diferentes, Brasil, Chile y Argentina, nos ofrecen en este libro un ejemplo del trabajo realizado en sus trayectorias profesionales, en diversos campos, todos ellos relacionados con las Pol\u00edticas P\u00fablicas en los diferentes pa\u00edses de Am\u00e9rica Latina. La red que nuclea a estos profesionales es la Asociaci\u00f3n Nacional de Postgrado e Investigaci\u00f3n en Psicolog\u00eda (ANPEPP), en donde desde hace 20 a\u00f1os se re\u00fanen en el grupo de trabajo de Salud Comunitaria.<\/p>\n<p>Qued\u00f3 atr\u00e1s el tiempo en que las mentes iluminadas de algunos pol\u00edticos decid\u00edan lo que era mejor para los ciudadanos y en especial que no diera continuidad a algunas pol\u00edticas de su antecesor en el cargo, que por buenas que fueren, no destacar\u00eda al nuevo pol\u00edtico en funciones. La pol\u00edtica p\u00fablica que tiene por ra\u00edz los intereses de las comunidades, parte de la participaci\u00f3n ciudadana, de la identificaci\u00f3n de sus necesidades y de la evaluaci\u00f3n de sus recursos y metas para atender a las mismas. As\u00ed tambi\u00e9n lo destacan Ruiz y Cad\u00e9nas (2018) para los cuales las pol\u00edticas p\u00fablicas tienen que ser elaboradas por un conjunto de actores que interact\u00faen y negocien para construir una pol\u00edtica que pueda beneficiar a todos los interesados.<\/p>\n<p>Pas\u00f3 el tiempo tambi\u00e9n que las profesiones eran construidas bajo la \u00e9gida del individualismo y de modelos biologicistas y psicologicistas, en donde toda explicaci\u00f3n se reduc\u00eda a problemas en donde la persona era determinada por fuerzas internas o se indicaba al proprio individuo como responsable de su situaci\u00f3n. Los nuevos paradigmas en la formaci\u00f3n de profesionales pasan por modelos interactivos, cr\u00edticos, ecol\u00f3gicos, contextualizados, en donde el ser humano se construye y es construido por su ambiente. La pol\u00edtica p\u00fablica no puede ser una entidad desligada de la ciudadan\u00eda, debe ser mantenida viva porque el ciudadano\/a y su comunidad la est\u00e1 alimentando y con ella crecen y recuperan su ciudadan\u00eda.<\/p>\n<p>Si el acceso a bienes y servicios est\u00e1 relacionado con las Pol\u00edticas P\u00fablicas, es necesario identificar los intereses y preferencias de los grupos y personas que forman parte de una sociedad de forma que, a pesar de sus diferencias, las personas y grupos puedan convivir. No se realizar\u00e1 un pacto entre Estado y Sociedad sin rescatar el sentido de participaci\u00f3n entre ellos. Un Estado burocr\u00e1tico y una Sociedad desorganizada, sin duda llevar\u00e1 al fracaso muchas de las Pol\u00edticas P\u00fablicas. Una actuaci\u00f3n realmente democr\u00e1tica implica, en cambio, una participaci\u00f3n activa de los ciudadanos\/as.<\/p>\n<p>Desde el primer pelda\u00f1o de participaci\u00f3n del ciudadano\/a por el mero el hecho de ser informado, pasa al siguiente paso de ser consultado, o subiendo los siguientes pelda\u00f1os de mayor participaci\u00f3n, ejercer control por parte del ciudadano de las Pol\u00edticas, o de tener delegaci\u00f3n de funciones, de hacer la co-gesti\u00f3n, hasta llegar a la autogesti\u00f3n. A medida que exista un compromiso mayor de los actores de las Pol\u00edticas P\u00fablicas (Estado y Sociedad), mayor garant\u00eda de ser implementadas \u00e9stas ser\u00e1n, pudiendo generar los resultados esperados y sobre todo la cohesi\u00f3n necesaria para un proceso de evaluaci\u00f3n continuada.<\/p>\n<p>\u00bfC\u00f3mo hacer llegar los deseos y necesidades de la comunidad hacia el \u00e1mbito pol\u00edtico y proponer pol\u00edticas p\u00fablicas en campos hasta ahora no atendidos? Esta ha sido la preocupaci\u00f3n de estos profesionales en los diferentes contextos, sea de poblaciones del \u00e1mbito rural, sea en poblaciones vulnerables (infancia, adolescencia, ancianos), o en grupos discriminados (por renta, g\u00e9nero, raza).<\/p>\n<p>Para Reyes-Espejo, en su cap\u00edtulo incluido en este libro, afirma: \u2018la investigaci\u00f3n en psicolog\u00eda comunitaria puede aportar a la toma de decisiones en pol\u00edticas sociales y los procesos de intervenci\u00f3n comunitaria pueden contribuir al dise\u00f1o de pol\u00edticas p\u00fablicas m\u00e1s pertinentes a las necesidades de las comunidades\u2019. Y as\u00ed va discurriendo sobre la importancia de la participaci\u00f3n comunitaria para sostener las pol\u00edticas p\u00fablicas y la importancia del desarrollo de los recursos comunitarios para la toma de las decisiones y asegurar las acciones.<\/p>\n<p>Por otro lado, autores desde una perspectiva cr\u00edtica, se hacen presentes a trav\u00e9s de Yamamoto en su cap\u00edtulo, cuando nos recuerda a trav\u00e9s de Marilda Iamamoto (2007) la doble dimensi\u00f3n de un proyecto \u00e9tico-pol\u00edtico: condiciones macrosociales que configuran el lugar socio-hist\u00f3rico donde se ejerce la profesi\u00f3n, y por otro lado las respuestas sociohist\u00f3ricas, \u00e9tico-pol\u00edticas y t\u00e9cnicas de los agentes profesionales en este contexto.<\/p>\n<p>La \u2018cuesti\u00f3n social\u2019 se hace presente, y al contrario de fortalecer el ideario neoliberal en Pol\u00edticas P\u00fablicas al servicio del \u2018statu quo\u2019, permite fortalecer proyectos transformadores \u00e9tico-pol\u00edticos contra las desigualdades sociales y de pobreza, como nos dice Fernando Paiva tambi\u00e9n en otro cap\u00edtulo de esta compilaci\u00f3n.<\/p>\n<p>En fin, podr\u00edamos ir citando a todos los autores de este importante libro, pero no es esta la finalidad de nuestro pr\u00f3logo. Usted mismo\/a podr\u00e1 comprobar la riqueza y la diversidad de los temas en los cuales los colegas est\u00e1n comprometidos con las Pol\u00edticas P\u00fablicas, la Comunidad, la Psicolog\u00eda y la Salud Comunitaria.<\/p>\n<div class=\"value\">\n<p><em><span style=\"color: #808080;\">Jorge Castell\u00e1 Sarriera<\/span><\/em><\/p>\n<\/div>\n<p>[\/vc_column_text][\/vc_column][vc_column width=\u00bb1\/2&#8243;]<div  class=\"wpb_content_element   clearfix\"><style type=\"text\/css\">#ut_am_69f35d0236add { opacity: 1; }#ut_am_wrap_69f35d0236ae0 .ut-image-gallery-item-caption-title h3 { letter-spacing: 0em; }#ut_am_wrap_69f35d0236ae0 .ut-gallery-slider-caption { font-weight: bold; }#ut_am_wrap_69f35d0236ae0 { text-align: center; }@media (min-width: 768px) and (max-width: 1024px) { #ut_am_wrap_69f35d0236ae0 { text-align: center !important; } }@media (max-width: 767px) { #ut_am_wrap_69f35d0236ae0 { text-align: center !important; } }<\/style><div id=\"ut_am_wrap_69f35d0236ae0\" class=\"ut-image-gallery-image \"><div id=\"ut_reveal_69f35d0236ae2\"  data-appear-top-offset=\"auto\" class=\"ut-animated-image-item ut-image-gallery-item ut-animation-done \"><a class=\"ut-deactivated-link\" href=\"#\"><div class=\"ut-animated-image-zoom\"><img class=\"ut-lazy skip-lazy ut-animated-image \"  id=\"ut_am_69f35d0236add\" src=\"data:image\/svg+xml;charset=utf-8,%3Csvg xmlns%3D'http%3A%2F%2Fwww.w3.org%2F2000%2Fsvg' viewBox%3D'0 0 1000 667'%2F%3E\" data-src=\"https:\/\/comunitariachile.org\/web\/wp-content\/uploads\/2023\/01\/ps__pol_spub_e_com.jpg\" width=\"1000\" height=\"667\" alt=\"\"\/><\/div><\/a><\/div><\/div><\/div><style type=\"text\/css\">#bklyn_btn_69f35d0236c40 .bklyn-btn { color:#ffffff !important; border-radius:50px !important; background-color:rgb(2, 170, 157) !important; }#bklyn_btn_69f35d0236c40 .bklyn-btn:hover{ color:#ffffff !important; background-color:rgb(9, 224, 210) !important; }#bklyn_btn_69f35d0236c40 .bklyn-btn:focus{ color:#ffffff !important; background-color:rgb(9, 224, 210) !important; }#bklyn_btn_69f35d0236c40 .bklyn-btn:active { color:#ffffff !important; background-color:rgb(9, 224, 210) !important; }<\/style><div id=\"bklyn_btn_69f35d0236c40\" class=\"bklyn-btn-holder  bklyn-btn-center bklyn-btn-tablet-center bklyn-btn-mobile-center\"><a title=\"\"   href=\"https:\/\/comunitariachile.org\/web\/wp-content\/uploads\/2023\/01\/Psicologia-politicas-publicas-e-comunidades-e-book.pdf\" target=\" _blank\" class=\"bklyn-btn bklyn-btn-icon-left bklyn-btn-normal\" ><i class=\"fa fa-chevron-circle-down\"><\/i><span class=\"ut-btn-text\">Descargar Aqu\u00ed!<\/span><\/a><\/div>[\/vc_column][\/vc_row]<\/p>\n","protected":false},"excerpt":{"rendered":"<p>[vc_row][vc_column width=\u00bb1\/2&#8243;][vc_column_text] Autores: J\u00e1der Ferreira Leite, Jaime Andr\u00e9s Alfaro Inzunza, Mart\u00edn de Lellis, Rafael Bianchi Silva y Schelica Mozobancyk (Organizadores) Formato: PDF Sustentados en los nuevos paradigmas y en las [&hellip;]<\/p>\n","protected":false},"author":1,"featured_media":1371,"comment_status":"open","ping_status":"open","sticky":false,"template":"","format":"standard","meta":[],"categories":[4],"tags":[55,56,109,29,108,110],"_links":{"self":[{"href":"https:\/\/comunitariachile.org\/web\/wp-json\/wp\/v2\/posts\/1370"}],"collection":[{"href":"https:\/\/comunitariachile.org\/web\/wp-json\/wp\/v2\/posts"}],"about":[{"href":"https:\/\/comunitariachile.org\/web\/wp-json\/wp\/v2\/types\/post"}],"author":[{"embeddable":true,"href":"https:\/\/comunitariachile.org\/web\/wp-json\/wp\/v2\/users\/1"}],"replies":[{"embeddable":true,"href":"https:\/\/comunitariachile.org\/web\/wp-json\/wp\/v2\/comments?post=1370"}],"version-history":[{"count":5,"href":"https:\/\/comunitariachile.org\/web\/wp-json\/wp\/v2\/posts\/1370\/revisions"}],"predecessor-version":[{"id":1377,"href":"https:\/\/comunitariachile.org\/web\/wp-json\/wp\/v2\/posts\/1370\/revisions\/1377"}],"wp:featuredmedia":[{"embeddable":true,"href":"https:\/\/comunitariachile.org\/web\/wp-json\/wp\/v2\/media\/1371"}],"wp:attachment":[{"href":"https:\/\/comunitariachile.org\/web\/wp-json\/wp\/v2\/media?parent=1370"}],"wp:term":[{"taxonomy":"category","embeddable":true,"href":"https:\/\/comunitariachile.org\/web\/wp-json\/wp\/v2\/categories?post=1370"},{"taxonomy":"post_tag","embeddable":true,"href":"https:\/\/comunitariachile.org\/web\/wp-json\/wp\/v2\/tags?post=1370"}],"curies":[{"name":"wp","href":"https:\/\/api.w.org\/{rel}","templated":true}]}}