{"id":1312,"date":"2022-10-12T13:38:11","date_gmt":"2022-10-12T16:38:11","guid":{"rendered":"https:\/\/comunitariachile.org\/web\/?p=1312"},"modified":"2022-10-12T13:45:37","modified_gmt":"2022-10-12T16:45:37","slug":"elecciones-sochipsico-inscribe-tu-lista","status":"publish","type":"post","link":"https:\/\/comunitariachile.org\/web\/elecciones-sochipsico-inscribe-tu-lista\/","title":{"rendered":"Elecciones SOCHIPSICO, ya puedes inscribir tu lista"},"content":{"rendered":"<p>[vc_row][vc_column]<div class=\"wpb_content_element \"><style type=\"text\/css\">#ut_header_69f4bae5bdee5 h1.page-title, #ut_header_69f4bae5bdee5 h1.page-title span { color:#575757; }#ut_header_69f4bae5bdee5 h1.page-title{ font-family: \"Nunito\";font-weight:700;font-style:normal; }#ut_header_69f4bae5bdee5 h1.page-title { font-size:45px !important; }#ut_header_69f4bae5bdee5.pt-style-6 .page-title span:after, #ut_header_69f4bae5bdee5.pt-style-6 .parallax-title span:after, #ut_header_69f4bae5bdee5.pt-style-6 .section-title span:after {border-bottom:1px dotted #575757;}<\/style><header id=\"ut_header_69f4bae5bdee5\" class=\"page-header page-title-module  ut-no-title-linebreak-mobile ut-no-lead-linebreak-mobile pt-style-6 header-left header-tablet-left header-mobile-center\"><h1 data-title=\"Elecciones SOCHIPSICO, ya puedes inscribir tu lista\"  data-responsive-font=\"page_title\" data-responsive-font-settings=\"{&quot;base-font-size&quot;:&quot;global&quot;,&quot;font-size&quot;:{&quot;desktop_large&quot;:&quot;45&quot;},&quot;base-line-height&quot;:&quot;global&quot;,&quot;base-letter-spacing&quot;:&quot;global&quot;}\" class=\"page-title  \"><span>Elecciones SOCHIPSICO, ya puedes inscribir tu lista<\/span><\/h1><\/header><\/div>[\/vc_column][\/vc_row][vc_row][vc_column width=\u00bb1\/2&#8243;]<div  class=\"wpb_content_element   clearfix\"><style type=\"text\/css\">#ut_am_69f4bae64160d { opacity: 1; }#ut_am_wrap_69f4bae641610 .ut-image-gallery-item-caption-title h3 { letter-spacing: 0em; }#ut_am_wrap_69f4bae641610 .ut-gallery-slider-caption { font-weight: bold; }#ut_am_wrap_69f4bae641610 { text-align: left; }@media (min-width: 768px) and (max-width: 1024px) { #ut_am_wrap_69f4bae641610 { text-align: left !important; } }@media (max-width: 767px) { #ut_am_wrap_69f4bae641610 { text-align: center !important; } }<\/style><div id=\"ut_am_wrap_69f4bae641610\" class=\"ut-image-gallery-image \"><div id=\"ut_reveal_69f4bae641612\"  data-appear-top-offset=\"auto\" class=\"ut-animated-image-item ut-image-gallery-item ut-animation-done \"><a class=\"ut-deactivated-link\" href=\"#\"><div class=\"ut-animated-image-zoom\"><img class=\"ut-lazy skip-lazy ut-animated-image \"  id=\"ut_am_69f4bae64160d\" src=\"data:image\/svg+xml;charset=utf-8,%3Csvg xmlns%3D'http%3A%2F%2Fwww.w3.org%2F2000%2Fsvg' viewBox%3D'0 0 900 755'%2F%3E\" data-src=\"https:\/\/comunitariachile.org\/web\/wp-content\/uploads\/2022\/10\/insc_lista_web.jpg\" width=\"900\" height=\"755\" alt=\"\"\/><\/div><\/a><\/div><\/div><\/div>[\/vc_column][vc_column width=\u00bb1\/2&#8243;][vc_column_text]Estimados socios y socias:<\/p>\n<p>Junto con saludarles y esperando se encuentren bien, les informamos que a partir del 7 de octubre se da inicio al per\u00edodo de inscripci\u00f3n de listas para dar curso a las elecciones de la Sociedad Chilena de Psicolog\u00eda Comunitaria.<\/p>\n<p>Las listas deben enviar su propuesta al TRICEL a los correos: barbara.olivares@udp.cl o yanina.gutierrez@upla.cl, indicando el nombre de la lista, los postulantes a cada cargo (presidente\/a, vicepresidente\/a, secretario\/a, tesorero\/a, comisi\u00f3n revisora de cuentas y comit\u00e9 de \u00e9tica).<\/p>\n<p>Se recibir\u00e1n correos hasta el 21 de octubre, momento en que se dar\u00e1 inicio al per\u00edodo de campa\u00f1a, que se extender\u00e1 hasta el 7 de noviembre.<\/p>\n<p>Invitamos a todos y todas a hacerse parte de este importante proceso que permite dar continuidad al fortalecimiento de nuestra Sociedad Chilena de Psicolog\u00eda Comunitaria y seguir so\u00f1ando juntos\/as por un mundo m\u00e1s justo y solidario.[\/vc_column_text][\/vc_column][\/vc_row]<\/p>\n","protected":false},"excerpt":{"rendered":"<p>A partir del 7 de octubre se da inicio al per\u00edodo de inscripci\u00f3n de listas para dar curso a las elecciones de la Sociedad Chilena de Psicolog\u00eda Comunitaria.<\/p>\n","protected":false},"author":1,"featured_media":1319,"comment_status":"closed","ping_status":"open","sticky":false,"template":"","format":"standard","meta":[],"categories":[34,5],"tags":[73,38,29,79],"_links":{"self":[{"href":"https:\/\/comunitariachile.org\/web\/wp-json\/wp\/v2\/posts\/1312"}],"collection":[{"href":"https:\/\/comunitariachile.org\/web\/wp-json\/wp\/v2\/posts"}],"about":[{"href":"https:\/\/comunitariachile.org\/web\/wp-json\/wp\/v2\/types\/post"}],"author":[{"embeddable":true,"href":"https:\/\/comunitariachile.org\/web\/wp-json\/wp\/v2\/users\/1"}],"replies":[{"embeddable":true,"href":"https:\/\/comunitariachile.org\/web\/wp-json\/wp\/v2\/comments?post=1312"}],"version-history":[{"count":5,"href":"https:\/\/comunitariachile.org\/web\/wp-json\/wp\/v2\/posts\/1312\/revisions"}],"predecessor-version":[{"id":1320,"href":"https:\/\/comunitariachile.org\/web\/wp-json\/wp\/v2\/posts\/1312\/revisions\/1320"}],"wp:featuredmedia":[{"embeddable":true,"href":"https:\/\/comunitariachile.org\/web\/wp-json\/wp\/v2\/media\/1319"}],"wp:attachment":[{"href":"https:\/\/comunitariachile.org\/web\/wp-json\/wp\/v2\/media?parent=1312"}],"wp:term":[{"taxonomy":"category","embeddable":true,"href":"https:\/\/comunitariachile.org\/web\/wp-json\/wp\/v2\/categories?post=1312"},{"taxonomy":"post_tag","embeddable":true,"href":"https:\/\/comunitariachile.org\/web\/wp-json\/wp\/v2\/tags?post=1312"}],"curies":[{"name":"wp","href":"https:\/\/api.w.org\/{rel}","templated":true}]}}