{"id":1287,"date":"2022-09-13T00:36:56","date_gmt":"2022-09-13T03:36:56","guid":{"rendered":"https:\/\/comunitariachile.org\/web\/?p=1287"},"modified":"2022-09-13T01:05:58","modified_gmt":"2022-09-13T04:05:58","slug":"iv-congreso-internacional-de-trabajo-social","status":"publish","type":"post","link":"https:\/\/comunitariachile.org\/web\/iv-congreso-internacional-de-trabajo-social\/","title":{"rendered":"IV Congreso Internacional de Trabajo Social"},"content":{"rendered":"<p>[vc_row][vc_column]<div class=\"wpb_content_element \"><style type=\"text\/css\">#ut_header_69f365c64690f h1.page-title, #ut_header_69f365c64690f h1.page-title span { color:#575757; }#ut_header_69f365c64690f h1.page-title{ font-family: \"Nunito\";font-weight:700;font-style:normal; }#ut_header_69f365c64690f h1.page-title { font-size:45px !important; }#ut_header_69f365c64690f.pt-style-6 .page-title span:after, #ut_header_69f365c64690f.pt-style-6 .parallax-title span:after, #ut_header_69f365c64690f.pt-style-6 .section-title span:after {border-bottom:1px dotted #575757;}<\/style><header id=\"ut_header_69f365c64690f\" class=\"page-header page-title-module  ut-no-title-linebreak-mobile ut-no-lead-linebreak-mobile pt-style-6 header-left header-tablet-left header-mobile-center\"><h1 data-title=\"IV Congreso Internacional de Trabajo Social\"  data-responsive-font=\"page_title\" data-responsive-font-settings=\"{&quot;base-font-size&quot;:&quot;global&quot;,&quot;font-size&quot;:{&quot;desktop_large&quot;:&quot;45&quot;},&quot;base-line-height&quot;:&quot;global&quot;,&quot;base-letter-spacing&quot;:&quot;global&quot;}\" class=\"page-title  \"><span>IV Congreso Internacional de Trabajo Social<\/span><\/h1><\/header><\/div>[\/vc_column][\/vc_row][vc_row][vc_column width=\u00bb1\/2&#8243;]<div  class=\"wpb_content_element   clearfix\"><style type=\"text\/css\">#ut_am_69f365c6c4330 { opacity: 1; }#ut_am_wrap_69f365c6c4333 .ut-image-gallery-item-caption-title h3 { letter-spacing: 0em; }#ut_am_wrap_69f365c6c4333 .ut-gallery-slider-caption { font-weight: bold; }#ut_am_wrap_69f365c6c4333 { text-align: left; }@media (min-width: 768px) and (max-width: 1024px) { #ut_am_wrap_69f365c6c4333 { text-align: left !important; } }@media (max-width: 767px) { #ut_am_wrap_69f365c6c4333 { text-align: center !important; } }<\/style><div id=\"ut_am_wrap_69f365c6c4333\" class=\"ut-image-gallery-image \"><div id=\"ut_reveal_69f365c6c4335\"  data-appear-top-offset=\"auto\" class=\"ut-animated-image-item ut-image-gallery-item ut-animation-done \"><a class=\"ut-deactivated-link\" href=\"#\"><div class=\"ut-animated-image-zoom\"><img class=\"ut-lazy skip-lazy ut-animated-image \"  id=\"ut_am_69f365c6c4330\" src=\"data:image\/svg+xml;charset=utf-8,%3Csvg xmlns%3D'http%3A%2F%2Fwww.w3.org%2F2000%2Fsvg' viewBox%3D'0 0 1080 1080'%2F%3E\" data-src=\"https:\/\/comunitariachile.org\/web\/wp-content\/uploads\/2022\/09\/TS_congreso.jpg\" width=\"1080\" height=\"1080\" alt=\"\"\/><\/div><\/a><\/div><\/div><\/div>[\/vc_column][vc_column width=\u00bb1\/2&#8243;][vc_column_text]<\/p>\n<blockquote style=\"font-size: 13pt; line-height: 16pt;\"><p>La Red de Escuelas de Trabajo Social de las universidades chilenas (CRUCH), te invitan aparticipar del al IV Congreso Internacional de Trabajo Social: \u201cResistencia y emergencia de cambios en contexto de crisis. Los Desaf\u00edos de la Incidencia P\u00fablica del Trabajo Social \ud83c\udf0e\u201d.<\/p><\/blockquote>\n<p>[\/vc_column_text][\/vc_column][\/vc_row][vc_row][vc_column][vc_column_text]\ud83d\udccd19, 20 y 21 de octubre | \ud83d\udda5\ufe0f Modalidad 100% virtual.<\/p>\n<p>&nbsp;<\/p>\n<p>3 d\u00edas de convivencia y experiencias:<\/p>\n<p>\u25aaPonencias Magistrales<\/p>\n<p>\u25aaMesas de presentaciones<\/p>\n<p>\u25aaSimposios<\/p>\n<p>\u25aaPresentaciones de libros<\/p>\n<p>&nbsp;<\/p>\n<p>Toda la informaci\u00f3n y registro virtual aqu\u00ed \ud83d\udc49<a href=\"https:\/\/www.congresointernacionalts.cl\/\" target=\"_blank\" rel=\"noopener\">www.congresointernacionalts.cl<\/a><\/p>\n<p>&nbsp;<\/p>\n<p>Pronto estaremos entregando m\u00e1s detalles de este gran hito, as\u00ed que atenci\u00f3n a nuestras redes y p\u00e1gina web \ud83d\ude03.<\/p>\n<p>[\/vc_column_text][\/vc_column][\/vc_row]<\/p>\n","protected":false},"excerpt":{"rendered":"<p>La Red de Escuelas de Trabajo Social de las universidades chilenas (CRUCH), te invitan aparticipar del al IV Congreso Internacional de Trabajo Social: \u201cResistencia y emergencia de cambios en contexto de crisis. Los Desaf\u00edos de la Incidencia P\u00fablica del Trabajo Social \ud83c\udf0e\u201d.<\/p>\n","protected":false},"author":1,"featured_media":1289,"comment_status":"closed","ping_status":"open","sticky":false,"template":"","format":"standard","meta":[],"categories":[5],"tags":[90,91],"_links":{"self":[{"href":"https:\/\/comunitariachile.org\/web\/wp-json\/wp\/v2\/posts\/1287"}],"collection":[{"href":"https:\/\/comunitariachile.org\/web\/wp-json\/wp\/v2\/posts"}],"about":[{"href":"https:\/\/comunitariachile.org\/web\/wp-json\/wp\/v2\/types\/post"}],"author":[{"embeddable":true,"href":"https:\/\/comunitariachile.org\/web\/wp-json\/wp\/v2\/users\/1"}],"replies":[{"embeddable":true,"href":"https:\/\/comunitariachile.org\/web\/wp-json\/wp\/v2\/comments?post=1287"}],"version-history":[{"count":2,"href":"https:\/\/comunitariachile.org\/web\/wp-json\/wp\/v2\/posts\/1287\/revisions"}],"predecessor-version":[{"id":1290,"href":"https:\/\/comunitariachile.org\/web\/wp-json\/wp\/v2\/posts\/1287\/revisions\/1290"}],"wp:featuredmedia":[{"embeddable":true,"href":"https:\/\/comunitariachile.org\/web\/wp-json\/wp\/v2\/media\/1289"}],"wp:attachment":[{"href":"https:\/\/comunitariachile.org\/web\/wp-json\/wp\/v2\/media?parent=1287"}],"wp:term":[{"taxonomy":"category","embeddable":true,"href":"https:\/\/comunitariachile.org\/web\/wp-json\/wp\/v2\/categories?post=1287"},{"taxonomy":"post_tag","embeddable":true,"href":"https:\/\/comunitariachile.org\/web\/wp-json\/wp\/v2\/tags?post=1287"}],"curies":[{"name":"wp","href":"https:\/\/api.w.org\/{rel}","templated":true}]}}