{"id":1272,"date":"2022-08-10T02:00:35","date_gmt":"2022-08-10T05:00:35","guid":{"rendered":"https:\/\/comunitariachile.org\/web\/?p=1272"},"modified":"2022-08-10T02:03:03","modified_gmt":"2022-08-10T05:03:03","slug":"declaracion-publica-por-verdad-justicia-y-reparacion-frente-a-la-prision-politica-en-chile-en-el-contexto-de-resistencia-social-2019","status":"publish","type":"post","link":"https:\/\/comunitariachile.org\/web\/declaracion-publica-por-verdad-justicia-y-reparacion-frente-a-la-prision-politica-en-chile-en-el-contexto-de-resistencia-social-2019\/","title":{"rendered":"Declaraci\u00f3n p\u00fablica por verdad, justicia y reparaci\u00f3n frente a la prisi\u00f3n pol\u00edtica en Chile, en el contexto de resistencia social 2019"},"content":{"rendered":"<p>[vc_row][vc_column]<div class=\"wpb_content_element \"><style type=\"text\/css\">#ut_header_69f4ba0cbd539 h1.page-title, #ut_header_69f4ba0cbd539 h1.page-title span { color:#575757; }#ut_header_69f4ba0cbd539 h1.page-title{ font-family: \"Nunito\";font-weight:700;font-style:normal; }#ut_header_69f4ba0cbd539 h1.page-title { font-size:45px !important; }#ut_header_69f4ba0cbd539.pt-style-6 .page-title span:after, #ut_header_69f4ba0cbd539.pt-style-6 .parallax-title span:after, #ut_header_69f4ba0cbd539.pt-style-6 .section-title span:after {border-bottom:1px dotted #575757;}<\/style><header id=\"ut_header_69f4ba0cbd539\" class=\"page-header page-title-module  ut-no-title-linebreak-mobile ut-no-lead-linebreak-mobile pt-style-6 header-left header-tablet-left header-mobile-center\"><h1 data-title=\"Declaraci\u00f3n p\u00fablica por verdad, justicia y reparaci\u00f3n frente a la prisi\u00f3n pol\u00edtica en Chile, en el contexto de resistencia social 2019\"  data-responsive-font=\"page_title\" data-responsive-font-settings=\"{&quot;base-font-size&quot;:&quot;global&quot;,&quot;font-size&quot;:{&quot;desktop_large&quot;:&quot;45&quot;},&quot;base-line-height&quot;:&quot;global&quot;,&quot;base-letter-spacing&quot;:&quot;global&quot;}\" class=\"page-title  \"><span>Declaraci\u00f3n p\u00fablica por verdad, justicia y reparaci\u00f3n frente a la prisi\u00f3n pol\u00edtica en Chile, en el contexto de resistencia social 2019<\/span><\/h1><\/header><\/div>[\/vc_column][\/vc_row][vc_row][vc_column width=\u00bb1\/2&#8243;]<div  class=\"wpb_content_element   clearfix\"><style type=\"text\/css\">#ut_am_69f4ba0d10c32 { opacity: 1; }#ut_am_wrap_69f4ba0d10c35 .ut-image-gallery-item-caption-title h3 { letter-spacing: 0em; }#ut_am_wrap_69f4ba0d10c35 .ut-gallery-slider-caption { font-weight: bold; }#ut_am_wrap_69f4ba0d10c35 { text-align: left; }@media (min-width: 768px) and (max-width: 1024px) { #ut_am_wrap_69f4ba0d10c35 { text-align: left !important; } }@media (max-width: 767px) { #ut_am_wrap_69f4ba0d10c35 { text-align: center !important; } }<\/style><div id=\"ut_am_wrap_69f4ba0d10c35\" class=\"ut-image-gallery-image \"><div id=\"ut_reveal_69f4ba0d10c36\"  data-appear-top-offset=\"auto\" class=\"ut-animated-image-item ut-image-gallery-item ut-animation-done \"><a class=\"ut-deactivated-link\" href=\"#\"><div class=\"ut-animated-image-zoom\"><img class=\"ut-lazy skip-lazy ut-animated-image \"  id=\"ut_am_69f4ba0d10c32\" src=\"data:image\/svg+xml;charset=utf-8,%3Csvg xmlns%3D'http%3A%2F%2Fwww.w3.org%2F2000%2Fsvg' viewBox%3D'0 0 900 755'%2F%3E\" data-src=\"https:\/\/comunitariachile.org\/web\/wp-content\/uploads\/2022\/08\/chile_prision_politica_WEB.jpg\" width=\"900\" height=\"755\" alt=\"\"\/><\/div><\/a><\/div><\/div><\/div>[\/vc_column][vc_column width=\u00bb1\/2&#8243;][vc_column_text]<\/p>\n<blockquote style=\"font-size: 13pt; line-height: 16pt;\"><p>Como Sociedad Chilena de Psicolog\u00eda Comunitaria, manifestamos nuestra indignaci\u00f3n frente al negacionismo que envuelve a los acontecimientos ocurridos en torno a la prisi\u00f3n pol\u00edtica dada en el contexto de la revuelta social de octubre de 2019. Inaceptable desidia e indolencia hacia las personas y comunidades afectadas vista en la lentitud de los procesos judiciales y tramitaci\u00f3n del proyecto de Amnist\u00eda.<\/p><\/blockquote>\n<p>[\/vc_column_text][\/vc_column][\/vc_row][vc_row][vc_column][vc_column_text]El proceso constituyente por el cual transcurrimos actualmente como pa\u00eds, se abri\u00f3 paso el a\u00f1o 2019 gracias a la protesta callejera. Desde la leg\u00edtima protesta callejera que levant\u00f3 las demandas del pueblo frente a la evidente injusticia social que ha deteriorado a nuestro pa\u00eds por generaciones; con la seguida respuesta represiva por parte del Estado que trajo consigo graves vulneraciones a los derechos humanos, tratos crueles y degradantes, detenciones arbitrarias y agentes del Estado infiltrados en las marchas, as\u00ed como personas mutiladas, fallecidas, encarceladas y en prisi\u00f3n preventiva, mediante procesos judiciales marcados por una inaceptable lentitud, en relaci\u00f3n con la Ley de Seguridad del Estado y la demora del Poder Judicial. Y lo que es a\u00fan m\u00e1s grave, en pleno proceso constituyente.<\/p>\n<p>En Chile, existe prisi\u00f3n pol\u00edtica.<\/p>\n<p>La nueva Constituci\u00f3n se abri\u00f3 paso en la calle desde cada acto de resistencia, desde los cantos colectivos, los lienzos, las pancartas, desde las manos de los muralistas y las voces de las disidencias. Y hoy, ellos y ellas, los mismos de siempre, invisibilizados. Mientras el resto del pa\u00eds dialoga, se moviliza, construye y sue\u00f1a, algunos\/as de los nuestros\/as a\u00fan contin\u00faan en la c\u00e1rcel \u00bfEs posible concebir as\u00ed un proceso constituyente democr\u00e1tico?<\/p>\n<p>Sin \u201cprimera l\u00ednea\u201d Chile no estar\u00eda a pasos de cambiar la actual Constituci\u00f3n que, cabe se\u00f1alar, fue impuesta al pueblo chileno en condiciones de represi\u00f3n pol\u00edtica ejercida por la dictadura militar. En consecuencia, referir tal proceso como un acto espont\u00e1neo, un \u201cestallido social\u201d irracional, ahist\u00f3rico y descontextualizado, es desconocer el sentido y significado de la leg\u00edtima acci\u00f3n popular masiva, enraizada en nuestra historia y memoria colectiva. Es desconocer el sentir del pueblo que alz\u00f3 su voz, clara y consecuente, ejerciendo adem\u00e1s su leg\u00edtimo derecho a la libertad de expresi\u00f3n, a la organizaci\u00f3n social y a manifestarse.<\/p>\n<p>En el proceso de reconstrucci\u00f3n democr\u00e1tica del pa\u00eds a trav\u00e9s de la sustituci\u00f3n constitucional, la fuerza del movimiento estuvo en las manifestaciones pac\u00edficas multitudinarias y, sobre todo, en la proliferaci\u00f3n discursiva del movimiento, en las calles y en las redes sociales. El enfrentamiento con Fuerzas Armadas y de Orden fue lo menos relevante; no obstante, fue magnificado por los medios de comunicaci\u00f3n, descalificando el sentido pol\u00edtico del movimiento, dando un tinte delincuencial.<\/p>\n<p>Es deber del Estado, por tanto, dar a las y los presos pol\u00edticos de la revuelta una salida real, justa, proporcionada y en resguardo de sus derechos. Desconocer el contexto hist\u00f3rico, social y pol\u00edtico en el cual se dieron las detenciones, no hace m\u00e1s que replicar el da\u00f1o transgeneracional y volver a sembrar el temor en los territorios, en detrimento de la reconstrucci\u00f3n del tejido social. Transgrediendo, de este modo, las condiciones colectivas necesarias para construir una sociedad justa y equitativa, donde no se ampare ni la violencia ni la impunidad. Es obligaci\u00f3n del Estado garantizar a la ciudadan\u00eda el derecho a la vida y a la integridad f\u00edsica y ps\u00edquica.<\/p>\n<p>Como psic\u00f3logos y psic\u00f3logas comunitarios\/as solidarizamos con las personas en situaci\u00f3n de prisi\u00f3n pol\u00edtica e insistimos en la urgencia por la toma de decisiones pol\u00edticas que den fin a lo que est\u00e1n viviendo estas personas, sus familiares y toda la comunidad que se ha visto afectada en su conjunto. Y continuar\u00e1 siendo afectada, en tanto no se hagan presentes en nuestro pa\u00eds genuinos procesos de verdad, justicia, reparaci\u00f3n y no repetici\u00f3n.[\/vc_column_text][\/vc_column][\/vc_row]<\/p>\n","protected":false},"excerpt":{"rendered":"<p>Como Sociedad Chilena de Psicolog\u00eda Comunitaria, manifestamos nuestra indignaci\u00f3n frente al negacionismo que envuelve a los acontecimientos ocurridos en torno a la prisi\u00f3n pol\u00edtica dada en el contexto de la revuelta social de octubre de 2019.<\/p>\n","protected":false},"author":1,"featured_media":1273,"comment_status":"closed","ping_status":"open","sticky":false,"template":"","format":"standard","meta":[],"categories":[34,5],"tags":[45,86,84,81,85,29],"_links":{"self":[{"href":"https:\/\/comunitariachile.org\/web\/wp-json\/wp\/v2\/posts\/1272"}],"collection":[{"href":"https:\/\/comunitariachile.org\/web\/wp-json\/wp\/v2\/posts"}],"about":[{"href":"https:\/\/comunitariachile.org\/web\/wp-json\/wp\/v2\/types\/post"}],"author":[{"embeddable":true,"href":"https:\/\/comunitariachile.org\/web\/wp-json\/wp\/v2\/users\/1"}],"replies":[{"embeddable":true,"href":"https:\/\/comunitariachile.org\/web\/wp-json\/wp\/v2\/comments?post=1272"}],"version-history":[{"count":1,"href":"https:\/\/comunitariachile.org\/web\/wp-json\/wp\/v2\/posts\/1272\/revisions"}],"predecessor-version":[{"id":1274,"href":"https:\/\/comunitariachile.org\/web\/wp-json\/wp\/v2\/posts\/1272\/revisions\/1274"}],"wp:featuredmedia":[{"embeddable":true,"href":"https:\/\/comunitariachile.org\/web\/wp-json\/wp\/v2\/media\/1273"}],"wp:attachment":[{"href":"https:\/\/comunitariachile.org\/web\/wp-json\/wp\/v2\/media?parent=1272"}],"wp:term":[{"taxonomy":"category","embeddable":true,"href":"https:\/\/comunitariachile.org\/web\/wp-json\/wp\/v2\/categories?post=1272"},{"taxonomy":"post_tag","embeddable":true,"href":"https:\/\/comunitariachile.org\/web\/wp-json\/wp\/v2\/tags?post=1272"}],"curies":[{"name":"wp","href":"https:\/\/api.w.org\/{rel}","templated":true}]}}