{"id":1239,"date":"2022-06-28T00:44:03","date_gmt":"2022-06-28T03:44:03","guid":{"rendered":"https:\/\/comunitariachile.org\/web\/?p=1239"},"modified":"2022-06-28T01:15:34","modified_gmt":"2022-06-28T04:15:34","slug":"gonzalo-bustamante-nuevo-director-de-la-carrera-de-psicologia-de-la-ufro-copy","status":"publish","type":"post","link":"https:\/\/comunitariachile.org\/web\/gonzalo-bustamante-nuevo-director-de-la-carrera-de-psicologia-de-la-ufro-copy\/","title":{"rendered":"Ciclo de seminarios: \u00abPsicolog\u00eda, cambio clim\u00e1tico y sustentabilidad\u00bb"},"content":{"rendered":"<p>[vc_row][vc_column]<div class=\"wpb_content_element \"><style type=\"text\/css\">#ut_header_69f4b9bbd5870 h1.page-title, #ut_header_69f4b9bbd5870 h1.page-title span { color:#575757; }#ut_header_69f4b9bbd5870 h1.page-title{ font-family: \"Nunito\";font-weight:700;font-style:normal; }#ut_header_69f4b9bbd5870 h1.page-title { font-size:45px !important; }#ut_header_69f4b9bbd5870.pt-style-6 .page-title span:after, #ut_header_69f4b9bbd5870.pt-style-6 .parallax-title span:after, #ut_header_69f4b9bbd5870.pt-style-6 .section-title span:after {border-bottom:1px dotted #575757;}<\/style><header id=\"ut_header_69f4b9bbd5870\" class=\"page-header page-title-module  ut-no-title-linebreak-mobile ut-no-lead-linebreak-mobile pt-style-6 header-left header-tablet-left header-mobile-center\"><h1 data-title=\"Ciclo de seminarios: ``Psicolog\u00eda, cambio clim\u00e1tico y sustentabilidad``\"  data-responsive-font=\"page_title\" data-responsive-font-settings=\"{&quot;base-font-size&quot;:&quot;global&quot;,&quot;font-size&quot;:{&quot;desktop_large&quot;:&quot;45&quot;},&quot;base-line-height&quot;:&quot;global&quot;,&quot;base-letter-spacing&quot;:&quot;global&quot;}\" class=\"page-title  \"><span>Ciclo de seminarios: ``Psicolog\u00eda, cambio clim\u00e1tico y sustentabilidad``<\/span><\/h1><\/header><\/div>[\/vc_column][\/vc_row][vc_row][vc_column width=\u00bb1\/2&#8243;]<div  class=\"wpb_content_element   clearfix\"><style type=\"text\/css\">#ut_am_69f4b9bc41821 { opacity: 1; }#ut_am_wrap_69f4b9bc41824 .ut-image-gallery-item-caption-title h3 { letter-spacing: 0em; }#ut_am_wrap_69f4b9bc41824 .ut-gallery-slider-caption { font-weight: bold; }#ut_am_wrap_69f4b9bc41824 { text-align: left; }@media (min-width: 768px) and (max-width: 1024px) { #ut_am_wrap_69f4b9bc41824 { text-align: left !important; } }@media (max-width: 767px) { #ut_am_wrap_69f4b9bc41824 { text-align: center !important; } }<\/style><div id=\"ut_am_wrap_69f4b9bc41824\" class=\"ut-image-gallery-image \"><div id=\"ut_reveal_69f4b9bc41825\"  data-appear-top-offset=\"auto\" class=\"ut-animated-image-item ut-image-gallery-item ut-animation-done \"><a class=\"ut-deactivated-link\" href=\"#\"><div class=\"ut-animated-image-zoom\"><img class=\"ut-lazy skip-lazy ut-animated-image \"  id=\"ut_am_69f4b9bc41821\" src=\"data:image\/svg+xml;charset=utf-8,%3Csvg xmlns%3D'http%3A%2F%2Fwww.w3.org%2F2000%2Fsvg' viewBox%3D'0 0 1890 2245'%2F%3E\" data-src=\"https:\/\/comunitariachile.org\/web\/wp-content\/uploads\/2022\/06\/FVUKc8wXoAEuy5-.jpg\" width=\"1890\" height=\"2245\" alt=\"\"\/><\/div><\/a><\/div><\/div><\/div>[\/vc_column][vc_column width=\u00bb1\/2&#8243;][vc_column_text]<\/p>\n<blockquote>\n<div>Tenemos el agrado de invitarles al inicio del ciclo de seminarios: <i>\u00abPsicolog\u00eda, cambio clim\u00e1tico y sustentabilidad\u00bb.<\/i><\/div>\n<\/blockquote>\n<div>Este ciclo comienza con el conversatorio a realizarse el <b>jueves 14 de julio a las 15:00 horas titulado<\/b>: \u00abLA PSICOLOG\u00cdA FRENTE A LAS TRANSFORMACIONES MEDIOAMBIENTALES EN EL ANTROPOCENO\u00bb, en el cual moderar\u00e1n nuestros socios Rodolfo Mardones y Jos\u00e9 Sandoval.<\/div>\n<div><\/div>\n<div>\n<div dir=\"ltr\">\n<div>La jornada se realizar\u00e1 por la\u00a0<b>plataforma de Zoom de la SIP,<\/b>\u00a0la cual tambi\u00e9n ser\u00e1 retransmitida por<b> Facebook live desde su p\u00e1gina<\/b>\u00a0(<a href=\"https:\/\/www.facebook.com\/sipsych\" target=\"_blank\" rel=\"noreferrer noopener\" shape=\"rect\">https:\/\/www.facebook.com\/sipsych<\/a>)<\/div>\n<div><\/div>\n<div>Link de inscripciones:\u00a0<a href=\"https:\/\/docs.google.com\/forms\/d\/e\/1FAIpQLSdu8RXcw5ZUt8BEs4AtnyRqAB3uAqUFaE21HQV35WNGZYdbYQ\/viewform\" target=\"_blank\" rel=\"noreferrer noopener\" shape=\"rect\">https:\/\/docs.google.com\/forms\/d\/e\/1FAIpQLSdu8RXcw5ZUt8BEs4AtnyRqAB3uAqUFaE21HQV35WNGZYdbYQ\/viewform<\/a>.<\/div>\n<\/div>\n<\/div>\n<p>[\/vc_column_text][\/vc_column][\/vc_row]<\/p>\n","protected":false},"excerpt":{"rendered":"<p>Tenemos el agrado de invitarles al inicio del ciclo de seminarios: \u00abPsicolog\u00eda, cambio clim\u00e1tico y sustentabilidad\u00bb.<\/p>\n","protected":false},"author":1,"featured_media":1248,"comment_status":"closed","ping_status":"open","sticky":false,"template":"","format":"standard","meta":[],"categories":[5],"tags":[77,78,74,29,76],"_links":{"self":[{"href":"https:\/\/comunitariachile.org\/web\/wp-json\/wp\/v2\/posts\/1239"}],"collection":[{"href":"https:\/\/comunitariachile.org\/web\/wp-json\/wp\/v2\/posts"}],"about":[{"href":"https:\/\/comunitariachile.org\/web\/wp-json\/wp\/v2\/types\/post"}],"author":[{"embeddable":true,"href":"https:\/\/comunitariachile.org\/web\/wp-json\/wp\/v2\/users\/1"}],"replies":[{"embeddable":true,"href":"https:\/\/comunitariachile.org\/web\/wp-json\/wp\/v2\/comments?post=1239"}],"version-history":[{"count":5,"href":"https:\/\/comunitariachile.org\/web\/wp-json\/wp\/v2\/posts\/1239\/revisions"}],"predecessor-version":[{"id":1249,"href":"https:\/\/comunitariachile.org\/web\/wp-json\/wp\/v2\/posts\/1239\/revisions\/1249"}],"wp:featuredmedia":[{"embeddable":true,"href":"https:\/\/comunitariachile.org\/web\/wp-json\/wp\/v2\/media\/1248"}],"wp:attachment":[{"href":"https:\/\/comunitariachile.org\/web\/wp-json\/wp\/v2\/media?parent=1239"}],"wp:term":[{"taxonomy":"category","embeddable":true,"href":"https:\/\/comunitariachile.org\/web\/wp-json\/wp\/v2\/categories?post=1239"},{"taxonomy":"post_tag","embeddable":true,"href":"https:\/\/comunitariachile.org\/web\/wp-json\/wp\/v2\/tags?post=1239"}],"curies":[{"name":"wp","href":"https:\/\/api.w.org\/{rel}","templated":true}]}}