{"id":1205,"date":"2022-03-29T14:04:40","date_gmt":"2022-03-29T17:04:40","guid":{"rendered":"https:\/\/comunitariachile.org\/web\/?p=1205"},"modified":"2022-03-29T14:04:40","modified_gmt":"2022-03-29T17:04:40","slug":"informacion-falsa-conferencia-internacional-de-psicologia-comunitaria","status":"publish","type":"post","link":"https:\/\/comunitariachile.org\/web\/informacion-falsa-conferencia-internacional-de-psicologia-comunitaria\/","title":{"rendered":"Informaci\u00f3n FALSA Conferencia Internacional de Psicolog\u00eda Comunitaria"},"content":{"rendered":"<p>[vc_row][vc_column]<div class=\"wpb_content_element \"><style type=\"text\/css\">#ut_header_69f36f0ae7457 h1.page-title, #ut_header_69f36f0ae7457 h1.page-title span { color:#575757; }#ut_header_69f36f0ae7457 h1.page-title{ font-family: \"Nunito\";font-weight:700;font-style:normal; }#ut_header_69f36f0ae7457 h1.page-title { font-size:45px !important; }#ut_header_69f36f0ae7457.pt-style-6 .page-title span:after, #ut_header_69f36f0ae7457.pt-style-6 .parallax-title span:after, #ut_header_69f36f0ae7457.pt-style-6 .section-title span:after {border-bottom:1px dotted #575757;}<\/style><header id=\"ut_header_69f36f0ae7457\" class=\"page-header page-title-module  ut-no-title-linebreak-mobile ut-no-lead-linebreak-mobile pt-style-6 header-left header-tablet-left header-mobile-center\"><h1 data-title=\"Informaci\u00f3n FALSA Conferencia Internacional de Psicolog\u00eda Comunitaria\"  data-responsive-font=\"page_title\" data-responsive-font-settings=\"{&quot;base-font-size&quot;:&quot;global&quot;,&quot;font-size&quot;:{&quot;desktop_large&quot;:&quot;45&quot;},&quot;base-line-height&quot;:&quot;global&quot;,&quot;base-letter-spacing&quot;:&quot;global&quot;}\" class=\"page-title  \"><span>Informaci\u00f3n FALSA Conferencia Internacional de Psicolog\u00eda Comunitaria<\/span><\/h1><\/header><\/div>[\/vc_column][\/vc_row][vc_row][vc_column width=\u00bb1\/2&#8243;]<div  class=\"wpb_content_element   clearfix\"><style type=\"text\/css\">#ut_am_69f36f0b3fe69 { opacity: 1; }#ut_am_wrap_69f36f0b3fe6b .ut-image-gallery-item-caption-title h3 { letter-spacing: 0em; }#ut_am_wrap_69f36f0b3fe6b .ut-gallery-slider-caption { font-weight: bold; }#ut_am_wrap_69f36f0b3fe6b { text-align: left; }@media (min-width: 768px) and (max-width: 1024px) { #ut_am_wrap_69f36f0b3fe6b { text-align: left !important; } }@media (max-width: 767px) { #ut_am_wrap_69f36f0b3fe6b { text-align: center !important; } }<\/style><div id=\"ut_am_wrap_69f36f0b3fe6b\" class=\"ut-image-gallery-image \"><div id=\"ut_reveal_69f36f0b3fe6c\"  data-appear-top-offset=\"auto\" class=\"ut-animated-image-item ut-image-gallery-item ut-animation-done \"><a class=\"ut-deactivated-link\" href=\"#\"><div class=\"ut-animated-image-zoom\"><img class=\"ut-lazy skip-lazy ut-animated-image \"  id=\"ut_am_69f36f0b3fe69\" src=\"data:image\/svg+xml;charset=utf-8,%3Csvg xmlns%3D'http%3A%2F%2Fwww.w3.org%2F2000%2Fsvg' viewBox%3D'0 0 900 755'%2F%3E\" data-src=\"https:\/\/comunitariachile.org\/web\/wp-content\/uploads\/2022\/03\/congreso_falso_web.jpg\" width=\"900\" height=\"755\" alt=\"\"\/><\/div><\/a><\/div><\/div><\/div>[\/vc_column][vc_column width=\u00bb1\/2&#8243;][vc_column_text]<\/p>\n<blockquote style=\"font-size: 13pt; line-height: 16pt;\"><p>Como Sociedad Chilena de Psicolog\u00eda Comunitaria queremos advertir a nuestros socios y socias -y a nuestro gremio, en general- que la informaci\u00f3n que aparece en este sitio web <a href=\"https:\/\/www.cipc2018chile.cl\" target=\"_blank\" rel=\"noopener\">www.cipc2018chile.cl<\/a> vinculada con la realizaci\u00f3n de la Conferencia Internacional de Psicolog\u00eda Comunitaria <strong>ES FALSA<\/strong>.<\/p>\n<p>La pr\u00f3xima Conferencia Internacional se realizar\u00e1 en N\u00e1poles, Italia. Para solicitar informaci\u00f3n, se puede consultar ac\u00e1: <a href=\"http:\/\/9iccpnaples.com\/home\/es\/\" target=\"_blank\" rel=\"noopener\">ICCP 2022<\/a><\/p><\/blockquote>\n<p>[\/vc_column_text][\/vc_column][\/vc_row]<\/p>\n","protected":false},"excerpt":{"rendered":"<p>Como Sociedad chilena de Psicolog\u00eda Comunitaria les estamos enviado un saludo muy especial para todas las mujeres que habitamos en este pa\u00eds en este d\u00eda 8 de marzo de 2022.<\/p>\n","protected":false},"author":1,"featured_media":1206,"comment_status":"closed","ping_status":"open","sticky":false,"template":"","format":"standard","meta":[],"categories":[5],"tags":[66,67,69,68,29],"_links":{"self":[{"href":"https:\/\/comunitariachile.org\/web\/wp-json\/wp\/v2\/posts\/1205"}],"collection":[{"href":"https:\/\/comunitariachile.org\/web\/wp-json\/wp\/v2\/posts"}],"about":[{"href":"https:\/\/comunitariachile.org\/web\/wp-json\/wp\/v2\/types\/post"}],"author":[{"embeddable":true,"href":"https:\/\/comunitariachile.org\/web\/wp-json\/wp\/v2\/users\/1"}],"replies":[{"embeddable":true,"href":"https:\/\/comunitariachile.org\/web\/wp-json\/wp\/v2\/comments?post=1205"}],"version-history":[{"count":1,"href":"https:\/\/comunitariachile.org\/web\/wp-json\/wp\/v2\/posts\/1205\/revisions"}],"predecessor-version":[{"id":1207,"href":"https:\/\/comunitariachile.org\/web\/wp-json\/wp\/v2\/posts\/1205\/revisions\/1207"}],"wp:featuredmedia":[{"embeddable":true,"href":"https:\/\/comunitariachile.org\/web\/wp-json\/wp\/v2\/media\/1206"}],"wp:attachment":[{"href":"https:\/\/comunitariachile.org\/web\/wp-json\/wp\/v2\/media?parent=1205"}],"wp:term":[{"taxonomy":"category","embeddable":true,"href":"https:\/\/comunitariachile.org\/web\/wp-json\/wp\/v2\/categories?post=1205"},{"taxonomy":"post_tag","embeddable":true,"href":"https:\/\/comunitariachile.org\/web\/wp-json\/wp\/v2\/tags?post=1205"}],"curies":[{"name":"wp","href":"https:\/\/api.w.org\/{rel}","templated":true}]}}