{"id":1187,"date":"2022-03-08T16:03:50","date_gmt":"2022-03-08T19:03:50","guid":{"rendered":"https:\/\/comunitariachile.org\/web\/?p=1187"},"modified":"2022-03-08T17:29:52","modified_gmt":"2022-03-08T20:29:52","slug":"hay-una-necesidad-de-transversalizar-el-enfoque-de-genero-en-la-educacion-superior-copy","status":"publish","type":"post","link":"https:\/\/comunitariachile.org\/web\/hay-una-necesidad-de-transversalizar-el-enfoque-de-genero-en-la-educacion-superior-copy\/","title":{"rendered":"Ya nadie ni nada podr\u00e1 detenernos en este avance por un Chile justo, en equidad e igualdad"},"content":{"rendered":"<p>[vc_row][vc_column]<div class=\"wpb_content_element \"><style type=\"text\/css\">#ut_header_69f3842e8f3f5 h1.page-title, #ut_header_69f3842e8f3f5 h1.page-title span { color:#575757; }#ut_header_69f3842e8f3f5 h1.page-title{ font-family: \"Nunito\";font-weight:700;font-style:normal; }#ut_header_69f3842e8f3f5 h1.page-title { font-size:45px !important; }#ut_header_69f3842e8f3f5.pt-style-6 .page-title span:after, #ut_header_69f3842e8f3f5.pt-style-6 .parallax-title span:after, #ut_header_69f3842e8f3f5.pt-style-6 .section-title span:after {border-bottom:1px dotted #575757;}<\/style><header id=\"ut_header_69f3842e8f3f5\" class=\"page-header page-title-module  ut-no-title-linebreak-mobile ut-no-lead-linebreak-mobile pt-style-6 header-left header-tablet-left header-mobile-center\"><h1 data-title=\"Ya nadie ni nada podr\u00e1 detenernos en este avance por un Chile justo, en equidad e igualdad \"  data-responsive-font=\"page_title\" data-responsive-font-settings=\"{&quot;base-font-size&quot;:&quot;global&quot;,&quot;font-size&quot;:{&quot;desktop_large&quot;:&quot;45&quot;},&quot;base-line-height&quot;:&quot;global&quot;,&quot;base-letter-spacing&quot;:&quot;global&quot;}\" class=\"page-title  \"><span>Ya nadie ni nada podr\u00e1 detenernos en este avance por un Chile justo, en equidad e igualdad <\/span><\/h1><\/header><\/div>[\/vc_column][\/vc_row][vc_row][vc_column width=\u00bb1\/2&#8243;]<div  class=\"wpb_content_element   clearfix\"><style type=\"text\/css\">#ut_am_69f3842ed5f8e { opacity: 1; }#ut_am_wrap_69f3842ed5f91 .ut-image-gallery-item-caption-title h3 { letter-spacing: 0em; }#ut_am_wrap_69f3842ed5f91 .ut-gallery-slider-caption { font-weight: bold; }#ut_am_wrap_69f3842ed5f91 { text-align: left; }@media (min-width: 768px) and (max-width: 1024px) { #ut_am_wrap_69f3842ed5f91 { text-align: left !important; } }@media (max-width: 767px) { #ut_am_wrap_69f3842ed5f91 { text-align: center !important; } }<\/style><div id=\"ut_am_wrap_69f3842ed5f91\" class=\"ut-image-gallery-image \"><div id=\"ut_reveal_69f3842ed5f92\"  data-appear-top-offset=\"auto\" class=\"ut-animated-image-item ut-image-gallery-item ut-animation-done \"><a class=\"ut-deactivated-link\" href=\"#\"><div class=\"ut-animated-image-zoom\"><img class=\"ut-lazy skip-lazy ut-animated-image \"  id=\"ut_am_69f3842ed5f8e\" src=\"data:image\/svg+xml;charset=utf-8,%3Csvg xmlns%3D'http%3A%2F%2Fwww.w3.org%2F2000%2Fsvg' viewBox%3D'0 0 900 755'%2F%3E\" data-src=\"https:\/\/comunitariachile.org\/web\/wp-content\/uploads\/2022\/03\/8M_2022_WEB.jpg\" width=\"900\" height=\"755\" alt=\"\"\/><\/div><\/a><\/div><\/div><\/div>[\/vc_column][vc_column width=\u00bb1\/2&#8243;][vc_column_text]<\/p>\n<blockquote style=\"font-size: 13pt; line-height: 16pt;\"><p><strong>Como Sociedad chilena de Psicolog\u00eda Comunitaria <\/strong>les estamos enviado un saludo muy especial para todas las mujeres que habitamos en este pa\u00eds en este d\u00eda 8 de marzo de 2022.<\/p>\n<p>Tenemos legados y memorias de muchas mujeres que nos han antecedido y de las cuales hemos aprendido, sus luchas y las nuestras<strong>, <\/strong>las reconocemos y fortalecemos<strong> \u00a1\u00a1\u00a1Ya nadie ni nada podr\u00e1 detenernos en este avance por un Chile justo, en equidad e igualdad entre todes!!! <\/strong><\/p><\/blockquote>\n<p>[\/vc_column_text][\/vc_column][\/vc_row][vc_row][vc_column][vc_column_text]Estamos ciertas que el nuevo gobierno que asumir\u00e1 en 11 de marzo tiene mayor\u00eda de mujeres, lo que no significa que sea feminista, ya que el feminismo debe ser construido y co-construido por todas y todes, debe estar presente en todos los espacios tanto privados como p\u00fablicos, acad\u00e9micos, sociales, del mundo del trabajo y en el mundo cotidiano, en todos estos espacios que son pol\u00edticos, ya que se trata de procesos culturales que hemos ido cambiando y que estar\u00e1 presente en las nuevas generaciones.<\/p>\n<p>Nuestras luchas son y ser\u00e1n en pos de que los imaginarios sociales, que por siglos estuvieron cargados de las fuerzas del patriarcado, est\u00e1n siendo expulsados y retirados y solo ser\u00e1n un mal recuerdo de injusticias e inequidades, lo que s\u00ed estar\u00e1 en nuestra memoria, son las luchas que muchas mujeres que hicieron y est\u00e1n haciendo posible estos cambios.<\/p>\n<p>Como psic\u00f3logas comunitarias rendimos un homenaje a todas las mujeres que han hecho y est\u00e1n haciendo posible estos cambios en cada acci\u00f3n de resistencia y creaci\u00f3n. Muchas de ellas ya no est\u00e1n, pero su legado est\u00e1 presente en nuestras vidas y acciones.[\/vc_column_text][\/vc_column][\/vc_row]<\/p>\n","protected":false},"excerpt":{"rendered":"<p>Como Sociedad chilena de Psicolog\u00eda Comunitaria les estamos enviado un saludo muy especial para todas las mujeres que habitamos en este pa\u00eds en este d\u00eda 8 de marzo de 2022.<\/p>\n","protected":false},"author":1,"featured_media":1188,"comment_status":"closed","ping_status":"open","sticky":false,"template":"","format":"standard","meta":[],"categories":[5,7],"tags":[66,67,69,68,29],"_links":{"self":[{"href":"https:\/\/comunitariachile.org\/web\/wp-json\/wp\/v2\/posts\/1187"}],"collection":[{"href":"https:\/\/comunitariachile.org\/web\/wp-json\/wp\/v2\/posts"}],"about":[{"href":"https:\/\/comunitariachile.org\/web\/wp-json\/wp\/v2\/types\/post"}],"author":[{"embeddable":true,"href":"https:\/\/comunitariachile.org\/web\/wp-json\/wp\/v2\/users\/1"}],"replies":[{"embeddable":true,"href":"https:\/\/comunitariachile.org\/web\/wp-json\/wp\/v2\/comments?post=1187"}],"version-history":[{"count":4,"href":"https:\/\/comunitariachile.org\/web\/wp-json\/wp\/v2\/posts\/1187\/revisions"}],"predecessor-version":[{"id":1196,"href":"https:\/\/comunitariachile.org\/web\/wp-json\/wp\/v2\/posts\/1187\/revisions\/1196"}],"wp:featuredmedia":[{"embeddable":true,"href":"https:\/\/comunitariachile.org\/web\/wp-json\/wp\/v2\/media\/1188"}],"wp:attachment":[{"href":"https:\/\/comunitariachile.org\/web\/wp-json\/wp\/v2\/media?parent=1187"}],"wp:term":[{"taxonomy":"category","embeddable":true,"href":"https:\/\/comunitariachile.org\/web\/wp-json\/wp\/v2\/categories?post=1187"},{"taxonomy":"post_tag","embeddable":true,"href":"https:\/\/comunitariachile.org\/web\/wp-json\/wp\/v2\/tags?post=1187"}],"curies":[{"name":"wp","href":"https:\/\/api.w.org\/{rel}","templated":true}]}}