{"id":1157,"date":"2022-01-17T17:12:53","date_gmt":"2022-01-17T20:12:53","guid":{"rendered":"https:\/\/comunitariachile.org\/web\/?p=1157"},"modified":"2022-01-17T17:46:30","modified_gmt":"2022-01-17T20:46:30","slug":"despedida-y-cierre-2o-congreso-de-la-sociedad-de-psicologia-comunitaria","status":"publish","type":"post","link":"https:\/\/comunitariachile.org\/web\/despedida-y-cierre-2o-congreso-de-la-sociedad-de-psicologia-comunitaria\/","title":{"rendered":"Despedida y cierre 2\u00ba Congreso de la Sociedad de Psicolog\u00eda Comunitaria"},"content":{"rendered":"<p><img loading=\"lazy\" class=\"wp-image-1158 size-medium alignright\" src=\"https:\/\/comunitariachile.org\/web\/wp-content\/uploads\/2022\/01\/congreso_04_web-650x433.jpg\" alt=\"\" width=\"650\" height=\"433\" \/><\/p>\n<blockquote><p>Me es muy grato dar por finalizado este 2\u00ba Congreso de Psicolog\u00eda Comunitaria, agradeciendo a todes les participantes e invitades, tanto nacionales como internacionales.<\/p><\/blockquote>\n<p>Durante estos 4 d\u00edas del desarrollo de este evento, se tocaron temas muy relevantes para la situaci\u00f3n pol\u00edtica actual de nuestro pa\u00eds, considerando que tenemos un gran desaf\u00edo, sintetizar las contribuciones entregadas por ustedes, las que nutren nuestra disciplina y, adem\u00e1s, ser\u00e1n un aporte que entregaremos a la Comisi\u00f3n Constituyente.<\/p>\n<p>Temas como ni\u00f1ez y adolescencia, feminismo y disidencias, medio ambiente, los dilemas que se enfrentan al interior de la academia y la relevancia de la psicolog\u00eda comunitaria, entre otros. Se analiz\u00f3 y present\u00f3 el impacto que tiene el Modelo Neoliberal en todos estos procesos; as\u00ed como la esperanza y los desaf\u00edos sobre los temas de educaci\u00f3n, salud, trabajo, vejez digna, el medio ambiente, todos ello deben volver y ser parte de las pol\u00edticas de Estado y que no cambien con cada gobierno de turno.<\/p>\n<p>Todos ellos son fundamentales e inherentes a los derechos humanos; y esta es una de las razones que nos proponemos, como Sociedad de Psicolog\u00eda Comunitaria para entregarlos a la Convenci\u00f3n Constituyente.<\/p>\n<p>Finalmente se\u00f1alar que subiremos la s\u00edntesis de \u00e9ste a la p\u00e1gina web de la Sociedad, adem\u00e1s estar\u00e1n como retransmisiones en la p\u00e1gina de la Universidad del Biob\u00edo y tambi\u00e9n en nuestra web, por lo que los y las invito a estar atentos a nuestras redes sociales, donde se\u00f1alaremos d\u00edas, horarios en que subiremos todo el material mencionado.<\/p>\n<p>Por \u00faltimo invitarles a seguir a seguir reflexionando y caminando juntos en los m\u00faltiples espacios creados desde la Sociedad Chilena de Psicolog\u00eda Comunitaria, de los conversatorios y actividades, y principalmente desde SOCHIPSICO Constituyente.<\/p>\n<p>MUCHAS GRACIAS<\/p>\n<p>&nbsp;<\/p>\n<p><strong>Mar\u00eda Ang\u00e9lica Benavides Andrades<br \/>\n<\/strong><strong>Presidenta Sociedad Chilena de Psicolog\u00eda Comunitaria<\/strong><\/p>\n<p>&nbsp;<\/p>\n","protected":false},"excerpt":{"rendered":"<p>Me es muy grato dar por finalizado este 2\u00ba Congreso de Psicolog\u00eda Comunitaria, agradeciendo a todes les participantes e invitades, tanto nacionales como internacionales. Durante estos 4 d\u00edas del desarrollo [&hellip;]<\/p>\n","protected":false},"author":1,"featured_media":1165,"comment_status":"closed","ping_status":"open","sticky":false,"template":"","format":"standard","meta":[],"categories":[5],"tags":[42,50,49,45,52,24,54,41,48,32,31,29,53,51],"_links":{"self":[{"href":"https:\/\/comunitariachile.org\/web\/wp-json\/wp\/v2\/posts\/1157"}],"collection":[{"href":"https:\/\/comunitariachile.org\/web\/wp-json\/wp\/v2\/posts"}],"about":[{"href":"https:\/\/comunitariachile.org\/web\/wp-json\/wp\/v2\/types\/post"}],"author":[{"embeddable":true,"href":"https:\/\/comunitariachile.org\/web\/wp-json\/wp\/v2\/users\/1"}],"replies":[{"embeddable":true,"href":"https:\/\/comunitariachile.org\/web\/wp-json\/wp\/v2\/comments?post=1157"}],"version-history":[{"count":7,"href":"https:\/\/comunitariachile.org\/web\/wp-json\/wp\/v2\/posts\/1157\/revisions"}],"predecessor-version":[{"id":1166,"href":"https:\/\/comunitariachile.org\/web\/wp-json\/wp\/v2\/posts\/1157\/revisions\/1166"}],"wp:featuredmedia":[{"embeddable":true,"href":"https:\/\/comunitariachile.org\/web\/wp-json\/wp\/v2\/media\/1165"}],"wp:attachment":[{"href":"https:\/\/comunitariachile.org\/web\/wp-json\/wp\/v2\/media?parent=1157"}],"wp:term":[{"taxonomy":"category","embeddable":true,"href":"https:\/\/comunitariachile.org\/web\/wp-json\/wp\/v2\/categories?post=1157"},{"taxonomy":"post_tag","embeddable":true,"href":"https:\/\/comunitariachile.org\/web\/wp-json\/wp\/v2\/tags?post=1157"}],"curies":[{"name":"wp","href":"https:\/\/api.w.org\/{rel}","templated":true}]}}