{"id":1141,"date":"2022-01-14T18:14:13","date_gmt":"2022-01-14T21:14:13","guid":{"rendered":"https:\/\/comunitariachile.org\/web\/?p=1141"},"modified":"2022-07-27T20:31:47","modified_gmt":"2022-07-27T23:31:47","slug":"hay-una-necesidad-de-transversalizar-el-enfoque-de-genero-en-la-educacion-superior","status":"publish","type":"post","link":"https:\/\/comunitariachile.org\/web\/hay-una-necesidad-de-transversalizar-el-enfoque-de-genero-en-la-educacion-superior\/","title":{"rendered":"Hay una necesidad de transversalizar el enfoque de g\u00e9nero en la educaci\u00f3n superior"},"content":{"rendered":"<p>[vc_row][vc_column]<div class=\"wpb_content_element \"><style type=\"text\/css\">#ut_header_69f34e36533ec h1.page-title, #ut_header_69f34e36533ec h1.page-title span { color:#575757; }#ut_header_69f34e36533ec h1.page-title{ font-family: \"Nunito\";font-weight:700;font-style:normal; }#ut_header_69f34e36533ec h1.page-title { font-size:45px !important; }#ut_header_69f34e36533ec.pt-style-6 .page-title span:after, #ut_header_69f34e36533ec.pt-style-6 .parallax-title span:after, #ut_header_69f34e36533ec.pt-style-6 .section-title span:after {border-bottom:1px dotted #575757;}<\/style><header id=\"ut_header_69f34e36533ec\" class=\"page-header page-title-module  ut-no-title-linebreak-mobile ut-no-lead-linebreak-mobile pt-style-6 header-left header-tablet-left header-mobile-center\"><h1 data-title=\"Hay una necesidad de transversalizar el enfoque de g\u00e9nero en la educaci\u00f3n superior\"  data-responsive-font=\"page_title\" data-responsive-font-settings=\"{&quot;base-font-size&quot;:&quot;global&quot;,&quot;font-size&quot;:{&quot;desktop_large&quot;:&quot;45&quot;},&quot;base-line-height&quot;:&quot;global&quot;,&quot;base-letter-spacing&quot;:&quot;global&quot;}\" class=\"page-title  \"><span>Hay una necesidad de transversalizar el enfoque de g\u00e9nero en la educaci\u00f3n superior<\/span><\/h1><\/header><\/div>[\/vc_column][\/vc_row][vc_row][vc_column width=\u00bb1\/2&#8243;]<div  class=\"wpb_content_element   clearfix\"><style type=\"text\/css\">#ut_am_69f34e369e6fd { opacity: 1; }#ut_am_wrap_69f34e369e6ff .ut-image-gallery-item-caption-title h3 { letter-spacing: 0em; }#ut_am_wrap_69f34e369e6ff .ut-gallery-slider-caption { font-weight: bold; }#ut_am_wrap_69f34e369e6ff { text-align: left; }@media (min-width: 768px) and (max-width: 1024px) { #ut_am_wrap_69f34e369e6ff { text-align: left !important; } }@media (max-width: 767px) { #ut_am_wrap_69f34e369e6ff { text-align: center !important; } }<\/style><div id=\"ut_am_wrap_69f34e369e6ff\" class=\"ut-image-gallery-image \"><div id=\"ut_reveal_69f34e369e700\"  data-appear-top-offset=\"auto\" class=\"ut-animated-image-item ut-image-gallery-item ut-animation-done \"><a class=\"ut-deactivated-link\" href=\"#\"><div class=\"ut-animated-image-zoom\"><img class=\"ut-lazy skip-lazy ut-animated-image \"  id=\"ut_am_69f34e369e6fd\" src=\"data:image\/svg+xml;charset=utf-8,%3Csvg xmlns%3D'http%3A%2F%2Fwww.w3.org%2F2000%2Fsvg' viewBox%3D'0 0 900 755'%2F%3E\" data-src=\"https:\/\/comunitariachile.org\/web\/wp-content\/uploads\/2022\/01\/congreso_01_web.jpg\" width=\"900\" height=\"755\" alt=\"\"\/><\/div><\/a><\/div><\/div><\/div>[\/vc_column][vc_column width=\u00bb1\/2&#8243;][vc_column_text]<\/p>\n<blockquote style=\"font-size: 13pt; line-height: 16pt;\"><p>Participar en el 2\u00b0 Congreso Nacional de Psicolog\u00eda Comunitaria ha sido para nosotras como equipo un enriquecedor espacio de encuentro y di\u00e1logo de saberes; valorado a\u00fan m\u00e1s en el contexto actual, en que las ciencias sociales, nuestras disciplinas y nosotros(as) mismas como sujetos(as) y profesionales, nos encontramos, \u00e9tica y pol\u00edticamente interpelados(as) a aportar a la construcci\u00f3n de una sociedad amorosa, respetuosa y solidaria, en que la dignidad humana y los principios de la justicia social, sean un pilar fundamental ante este nuevo escenario pos neoliberal, abierto a pulso por los movimientos sociales y feministas, y su lucha por una sociedad libre de opresiones, respetuosa de sus territorios, pueblos e\u00a0 identidades.<\/p><\/blockquote>\n<p>[\/vc_column_text][\/vc_column][\/vc_row][vc_row][vc_column][vc_column_text]Nuestra ponencia, denominada \u201cPracticas Pedag\u00f3gicas feministas para la formaci\u00f3n en enfoque de g\u00e9nero en educaci\u00f3n superior\u201d, surgida a partir de la experiencia desarrollada en un curso de formaci\u00f3n interdisciplinaria denominado \u201cGenero y desigualdades\u201d, dirigido a estudiantes de las carreras de psicolog\u00eda y trabajo social en la Universidad Andr\u00e9s Bello, Sede Concepci\u00f3n; responde tambi\u00e9n a dicho llamado y toma de posici\u00f3n; proceso en el cual hemos puesto nuestras propias pr\u00e1cticas docentes bajo la auto-observancia cr\u00edtica y deconstructiva de la pedagog\u00eda feminista, permiti\u00e9ndonos develar en esta experiencia situada, sus aportes, condicionantes y proyecciones para la integraci\u00f3n del enfoque de g\u00e9nero en la educaci\u00f3n superior y, en particular, en la necesaria formaci\u00f3n de estudiantes de diferentes disciplinas dialogando juntos(as) dentro y fuera de un aula com\u00fan. Iniciativa desarrollada de la mano del enfoque cr\u00edtico, feminista y decolonial, reconocedor de la interseccionalidad de las opresiones, que con la ayuda de metodolog\u00edas y t\u00e9cnicas art\u00edsticas, audiovisuales y el uso de narrativas, nos permiti\u00f3 poner en valor los diversos saberes, sentires y experiencias de las\/los propios estudiantes, reconociendo el cuerpo-territorio, la emoci\u00f3n y el di\u00e1logo de pares como una herramienta pedag\u00f3gica de toma de conciencia y liberaci\u00f3n. Permitiendo a la vez reafirmar la necesidad de transversalizar el enfoque de g\u00e9nero en las instituciones de educaci\u00f3n superior, los planes curriculares de las carreras y la formaci\u00f3n interdisciplinaria en g\u00e9nero y derechos humanos como una necesidad urgente y desaf\u00edo que nos convoca a todos quienes trabajamos en educaci\u00f3n.<\/p>\n<p>Agradecemos la oportunidad de haber participado y presenciado las valiosas intervenciones y trabajos compartidos, los que tienen sin duda un maravilloso hilo conductor\u2026 de alguna manera el sentirnos parte de ese llamado \u00e9tico-pol\u00edtico de resistencia y co-construcci\u00f3n.<\/p>\n<p>Nuestro saludo y reconocimiento a Javiera Manzi con quien contamos en el Conversatorio de Apertura, como tambi\u00e9n a Marisol Ch\u00e1vez de Org. Trama Tejido Migrante, y de forma especial a la Constituyente, Machi Francisca Linconao. Al equipo organizador y a cada uno de los autovonvocados(as) en este Congreso, vaya nuestro saludo.<\/p>\n<p>&nbsp;<\/p>\n<p><strong>Roxana Zuleta Bravo<\/strong><br \/>\n<strong>Trabajadora Social. Mg. En Trabajo Social y Pol\u00edticas Sociales.<\/strong><\/p>\n<p><strong>Beatriz Barra Ort\u00edz<\/strong><br \/>\n<strong>Antrop\u00f3loga. Mg. En Arte y Patrimonio. Estudios en feminismo, g\u00e9nero, memoria y movimientos sociales.\u00a0<\/strong><\/p>\n<p><strong>Lydia Gainza Bohmer<\/strong><br \/>\n<strong>Antrop\u00f3loga. Candidata a Magister en G\u00e9nero, Sociedad y Pol\u00edticas, FLACSO.<\/strong><\/p>\n<p><strong>Ponencistas<\/strong><\/p>\n<p>[\/vc_column_text][\/vc_column][\/vc_row][vc_row hide_on_desktop=\u00bbtrue\u00bb hide_on_tablet=\u00bbtrue\u00bb hide_on_mobile=\u00bbtrue\u00bb][vc_column][vc_column_text]<\/p>\n<blockquote><p>Participar en el 2\u00b0 Congreso Nacional de Psicolog\u00eda Comunitaria ha sido para nosotras como equipo un enriquecedor espacio de encuentro y di\u00e1logo de saberes; valorado a\u00fan m\u00e1s en el contexto actual, en que las ciencias sociales, nuestras disciplinas y nosotros(as) mismas como sujetos(as) y profesionales, nos encontramos, \u00e9tica y pol\u00edticamente interpelados(as) a aportar a la construcci\u00f3n de una sociedad amorosa, respetuosa y solidaria, en que la dignidad humana y los principios de la justicia social, sean un pilar fundamental ante este nuevo escenario pos neoliberal, abierto a pulso por los movimientos sociales y feministas, y su lucha por una sociedad libre de opresiones, respetuosa de sus territorios, pueblos e\u00a0 identidades.<\/p><\/blockquote>\n<p>Nuestra ponencia, denominada \u201cPracticas Pedag\u00f3gicas feministas para la formaci\u00f3n en enfoque de g\u00e9nero en educaci\u00f3n superior\u201d, surgida a partir de la experiencia desarrollada en un curso de formaci\u00f3n interdisciplinaria denominado \u201cGenero y desigualdades\u201d, dirigido a estudiantes de las carreras de psicolog\u00eda y trabajo social en la Universidad Andr\u00e9s Bello, Sede Concepci\u00f3n; responde tambi\u00e9n a dicho llamado y toma de posici\u00f3n; proceso en el cual hemos puesto nuestras propias pr\u00e1cticas docentes bajo la auto-observancia cr\u00edtica y deconstructiva de la pedagog\u00eda feminista, permiti\u00e9ndonos develar en esta experiencia situada, sus aportes, condicionantes y proyecciones para la integraci\u00f3n del enfoque de g\u00e9nero en la educaci\u00f3n superior y, en particular, en la necesaria formaci\u00f3n de estudiantes de diferentes disciplinas dialogando juntos(as) dentro y fuera de un aula com\u00fan. Iniciativa desarrollada de la mano del enfoque cr\u00edtico, feminista y decolonial, reconocedor de la interseccionalidad de las opresiones, que con la ayuda de metodolog\u00edas y t\u00e9cnicas art\u00edsticas, audiovisuales y el uso de narrativas, nos permiti\u00f3 poner en valor los diversos saberes, sentires y experiencias de las\/los propios estudiantes, reconociendo el cuerpo-territorio, la emoci\u00f3n y el di\u00e1logo de pares como una herramienta pedag\u00f3gica de toma de conciencia y liberaci\u00f3n. Permitiendo a la vez reafirmar la necesidad de transversalizar el enfoque de g\u00e9nero en las instituciones de educaci\u00f3n superior, los planes curriculares de las carreras y la formaci\u00f3n interdisciplinaria en g\u00e9nero y derechos humanos como una necesidad urgente y desaf\u00edo que nos convoca a todos quienes trabajamos en educaci\u00f3n.<\/p>\n<p>Agradecemos la oportunidad de haber participado y presenciado las valiosas intervenciones y trabajos compartidos, los que tienen sin duda un maravilloso hilo conductor\u2026 de alguna manera el sentirnos parte de ese llamado \u00e9tico-pol\u00edtico de resistencia y co-construcci\u00f3n.<\/p>\n<p>Nuestro saludo y reconocimiento a Javiera Manzi con quien contamos en el Conversatorio de Apertura, como tambi\u00e9n a Marisol Ch\u00e1vez de Org. Trama Tejido Migrante, y de forma especial a la Constituyente, Machi Francisca Linconao. Al equipo organizador y a cada uno de los autovonvocados(as) en este Congreso, vaya nuestro saludo.<\/p>\n<p>&nbsp;<\/p>\n<p><strong>Roxana Zuleta Bravo<\/strong><br \/>\n<strong>Trabajadora Social. Mg. En Trabajo Social y Pol\u00edticas Sociales.<\/strong><\/p>\n<p><strong>Beatriz Barra Ort\u00edz<\/strong><br \/>\n<strong>Antrop\u00f3loga. Mg. En Arte y Patrimonio. Estudios en feminismo, g\u00e9nero, memoria y movimientos sociales.\u00a0<\/strong><\/p>\n<p><strong>Lydia Gainza Bohmer<\/strong><br \/>\n<strong>Antrop\u00f3loga. Candidata a Magister en G\u00e9nero, Sociedad y Pol\u00edticas, FLACSO.<\/strong><\/p>\n<p><strong>Ponencistas<\/strong><\/p>\n<p>[\/vc_column_text][\/vc_column][\/vc_row]<\/p>\n","protected":false},"excerpt":{"rendered":"<p>Hemos puesto nuestras propias pr\u00e1cticas docentes bajo la auto-observancia cr\u00edtica y deconstructiva de la pedagog\u00eda feminista.<\/p>\n","protected":false},"author":1,"featured_media":1146,"comment_status":"closed","ping_status":"open","sticky":false,"template":"","format":"standard","meta":[],"categories":[7],"tags":[42,50,49,45,52,80,24,69,54,41,48,32,31,29,53,51],"_links":{"self":[{"href":"https:\/\/comunitariachile.org\/web\/wp-json\/wp\/v2\/posts\/1141"}],"collection":[{"href":"https:\/\/comunitariachile.org\/web\/wp-json\/wp\/v2\/posts"}],"about":[{"href":"https:\/\/comunitariachile.org\/web\/wp-json\/wp\/v2\/types\/post"}],"author":[{"embeddable":true,"href":"https:\/\/comunitariachile.org\/web\/wp-json\/wp\/v2\/users\/1"}],"replies":[{"embeddable":true,"href":"https:\/\/comunitariachile.org\/web\/wp-json\/wp\/v2\/comments?post=1141"}],"version-history":[{"count":12,"href":"https:\/\/comunitariachile.org\/web\/wp-json\/wp\/v2\/posts\/1141\/revisions"}],"predecessor-version":[{"id":1261,"href":"https:\/\/comunitariachile.org\/web\/wp-json\/wp\/v2\/posts\/1141\/revisions\/1261"}],"wp:featuredmedia":[{"embeddable":true,"href":"https:\/\/comunitariachile.org\/web\/wp-json\/wp\/v2\/media\/1146"}],"wp:attachment":[{"href":"https:\/\/comunitariachile.org\/web\/wp-json\/wp\/v2\/media?parent=1141"}],"wp:term":[{"taxonomy":"category","embeddable":true,"href":"https:\/\/comunitariachile.org\/web\/wp-json\/wp\/v2\/categories?post=1141"},{"taxonomy":"post_tag","embeddable":true,"href":"https:\/\/comunitariachile.org\/web\/wp-json\/wp\/v2\/tags?post=1141"}],"curies":[{"name":"wp","href":"https:\/\/api.w.org\/{rel}","templated":true}]}}