{"id":1137,"date":"2022-01-13T23:38:51","date_gmt":"2022-01-14T02:38:51","guid":{"rendered":"https:\/\/comunitariachile.org\/web\/?p=1137"},"modified":"2022-01-13T23:42:34","modified_gmt":"2022-01-14T02:42:34","slug":"el-estado-y-las-politicas-sociales-se-han-ausentado-del-trabajo-comunitario","status":"publish","type":"post","link":"https:\/\/comunitariachile.org\/web\/el-estado-y-las-politicas-sociales-se-han-ausentado-del-trabajo-comunitario\/","title":{"rendered":"El Estado y las pol\u00edticas sociales se han ausentado del trabajo comunitario"},"content":{"rendered":"<blockquote><p>En nuestra segunda jornada de Congreso la reflexi\u00f3n estuvo centrada en el eje \u201cTerritorio, Ciudadan\u00eda, Estado y Gobernanza: tensiones y dilemas\u201d.<\/p><\/blockquote>\n<p>En diversas mesas de trabajo y simposios se abordaron tem\u00e1ticas como la desigualdad, la inequidad y la injusticia social, en sus m\u00e1s diversas \u00e1reas te\u00f3rico reflexivas y de acci\u00f3n comunitaria, en virtud de esto reflexionamos con experiencias de trabajo feminista, de violencia de g\u00e9nero en diversos contextos, conversamos sobre experiencias de sistematizaci\u00f3n de programas y de propuestas de trabajo en comunidades donde se evidenci\u00f3 el rol ausente del Estado y las Pol\u00edticas Sociales en el trabajo comunitario, haciendo una interpelaci\u00f3n a esto y a la propia labor de la Psicolog\u00eda Comunitaria en los m\u00faltiples espacios de acci\u00f3n, y las posibilidades de cambio con la construcci\u00f3n de una nueva constituci\u00f3n.<\/p>\n<p>Para finalizar sostuvimos un cierre de jornada acompa\u00f1ado del psic\u00f3logo y Convencional Constituyente Marcos Barraza, con quien reflexionamos acerca del rol del Estado en la intervenci\u00f3n social y el c\u00f3mo es imperativo un nuevo cambio de paradigma en la nueva carta magna.<\/p>\n<p>Para la jornada de este viernes se vienen nuevos interesantes temas, ligados al trabajo comunitario y el accionar de las comunidades.<\/p>\n<p>Acomp\u00e1\u00f1ennos este viernes.<\/p>\n<p>Equipo Organizador 2\u00ba Congreso<\/p>\n<p>&nbsp;<\/p>\n","protected":false},"excerpt":{"rendered":"<p>En nuestra segunda jornada de Congreso la reflexi\u00f3n estuvo centrada en el eje \u201cTerritorio, Ciudadan\u00eda, Estado y Gobernanza: tensiones y dilemas\u201d. En diversas mesas de trabajo y simposios se abordaron [&hellip;]<\/p>\n","protected":false},"author":1,"featured_media":1138,"comment_status":"closed","ping_status":"open","sticky":false,"template":"","format":"standard","meta":[],"categories":[5],"tags":[42,50,49,45,52,24,54,41,48,32,31,29,53,51],"_links":{"self":[{"href":"https:\/\/comunitariachile.org\/web\/wp-json\/wp\/v2\/posts\/1137"}],"collection":[{"href":"https:\/\/comunitariachile.org\/web\/wp-json\/wp\/v2\/posts"}],"about":[{"href":"https:\/\/comunitariachile.org\/web\/wp-json\/wp\/v2\/types\/post"}],"author":[{"embeddable":true,"href":"https:\/\/comunitariachile.org\/web\/wp-json\/wp\/v2\/users\/1"}],"replies":[{"embeddable":true,"href":"https:\/\/comunitariachile.org\/web\/wp-json\/wp\/v2\/comments?post=1137"}],"version-history":[{"count":1,"href":"https:\/\/comunitariachile.org\/web\/wp-json\/wp\/v2\/posts\/1137\/revisions"}],"predecessor-version":[{"id":1139,"href":"https:\/\/comunitariachile.org\/web\/wp-json\/wp\/v2\/posts\/1137\/revisions\/1139"}],"wp:featuredmedia":[{"embeddable":true,"href":"https:\/\/comunitariachile.org\/web\/wp-json\/wp\/v2\/media\/1138"}],"wp:attachment":[{"href":"https:\/\/comunitariachile.org\/web\/wp-json\/wp\/v2\/media?parent=1137"}],"wp:term":[{"taxonomy":"category","embeddable":true,"href":"https:\/\/comunitariachile.org\/web\/wp-json\/wp\/v2\/categories?post=1137"},{"taxonomy":"post_tag","embeddable":true,"href":"https:\/\/comunitariachile.org\/web\/wp-json\/wp\/v2\/tags?post=1137"}],"curies":[{"name":"wp","href":"https:\/\/api.w.org\/{rel}","templated":true}]}}