{"id":1134,"date":"2022-01-12T22:52:14","date_gmt":"2022-01-13T01:52:14","guid":{"rendered":"https:\/\/comunitariachile.org\/web\/?p=1134"},"modified":"2022-01-12T22:52:14","modified_gmt":"2022-01-13T01:52:14","slug":"ya-hemos-dado-inicio-a-nuestro-congreso","status":"publish","type":"post","link":"https:\/\/comunitariachile.org\/web\/ya-hemos-dado-inicio-a-nuestro-congreso\/","title":{"rendered":"Ya hemos dado inicio a nuestro Congreso"},"content":{"rendered":"<blockquote><p>Gracias a todos y todas quienes han hecho posible que esta primera jornada de Congreso se llevase a cabo bajo el t\u00edtulo de \u201cCuerpo-territorios y emergencias de sujetos\/as pol\u00edticos en una sociedad en transformaci\u00f3n\u201d.<\/p><\/blockquote>\n<p>Partimos con la bienvenida y conversaci\u00f3n con la Soci\u00f3loga Javiera Manzi, feminista y activista, voz sumamente importante que acompa\u00f1a a las constituyentes en el desaf\u00edo de construir una constituci\u00f3n feminista.<\/p>\n<p>Posteriormente, compartimos en salas paralelas mediante simposios y presentaciones, aunados por el tema de la jornada. Se incluyeron conversaciones y ponencias en torno al feminismo, las disidencias sexuales, la memoria y la resistencia, adem\u00e1s de reflexiones sobre las infancias, la pobreza y ciertamente, el trabajo psicosocial comunitario.<\/p>\n<p>Luego pudimos conversar con Martha Lema, mujer ind\u00edgena kichwa otavalo habitante del Wallmapu y perteneciente a la organizaci\u00f3n Tramas Migrantes. En el mismo espacio nos acompa\u00f1\u00f3 la Machi Francisca Linconao, autoridad Mapuche y Convencional Constituyente. Ambas compartieron sus reflexiones en torno a la resistencia ind\u00edgena -y el ser migrante ind\u00edgena, en el caso de Martha- adem\u00e1s de los desaf\u00edos planteados a los pueblos originarios del continente por la construcci\u00f3n de una nueva constituci\u00f3n, a la luz de otras experiencias latinoamericanas (como la de Ecuador).<\/p>\n<p>Finalmente, nos reunimos en un plenario en el que conversamos sobre los temas abordados en la jornada. Ha sido un d\u00eda de trabajo intenso, pero de compartir y reflexionar en torno a la identidad, los cuerpos-territorios y el rol de la Psicolog\u00eda Comunitaria.<\/p>\n<p>Los esperamos ma\u00f1ana jueves, y los d\u00edas venideros, para seguir compartiendo, seguir conversando, seguir reflexionando\u2026 seguir haciendo comunidad.<\/p>\n<p>\u00a1Nos vemos ma\u00f1ana!<\/p>\n<p>Equipo Organizador 2\u00ba Congreso<\/p>\n","protected":false},"excerpt":{"rendered":"<p>Gracias a todos y todas quienes han hecho posible que esta primera jornada de Congreso se llevase a cabo bajo el t\u00edtulo de \u201cCuerpo-territorios y emergencias de sujetos\/as pol\u00edticos en [&hellip;]<\/p>\n","protected":false},"author":1,"featured_media":1135,"comment_status":"closed","ping_status":"open","sticky":false,"template":"","format":"standard","meta":[],"categories":[5],"tags":[42,50,49,45,52,41,48,32,29,53,51],"_links":{"self":[{"href":"https:\/\/comunitariachile.org\/web\/wp-json\/wp\/v2\/posts\/1134"}],"collection":[{"href":"https:\/\/comunitariachile.org\/web\/wp-json\/wp\/v2\/posts"}],"about":[{"href":"https:\/\/comunitariachile.org\/web\/wp-json\/wp\/v2\/types\/post"}],"author":[{"embeddable":true,"href":"https:\/\/comunitariachile.org\/web\/wp-json\/wp\/v2\/users\/1"}],"replies":[{"embeddable":true,"href":"https:\/\/comunitariachile.org\/web\/wp-json\/wp\/v2\/comments?post=1134"}],"version-history":[{"count":1,"href":"https:\/\/comunitariachile.org\/web\/wp-json\/wp\/v2\/posts\/1134\/revisions"}],"predecessor-version":[{"id":1136,"href":"https:\/\/comunitariachile.org\/web\/wp-json\/wp\/v2\/posts\/1134\/revisions\/1136"}],"wp:featuredmedia":[{"embeddable":true,"href":"https:\/\/comunitariachile.org\/web\/wp-json\/wp\/v2\/media\/1135"}],"wp:attachment":[{"href":"https:\/\/comunitariachile.org\/web\/wp-json\/wp\/v2\/media?parent=1134"}],"wp:term":[{"taxonomy":"category","embeddable":true,"href":"https:\/\/comunitariachile.org\/web\/wp-json\/wp\/v2\/categories?post=1134"},{"taxonomy":"post_tag","embeddable":true,"href":"https:\/\/comunitariachile.org\/web\/wp-json\/wp\/v2\/tags?post=1134"}],"curies":[{"name":"wp","href":"https:\/\/api.w.org\/{rel}","templated":true}]}}