{"id":1119,"date":"2022-01-11T14:58:20","date_gmt":"2022-01-11T17:58:20","guid":{"rendered":"https:\/\/comunitariachile.org\/web\/?p=1119"},"modified":"2022-01-11T16:57:19","modified_gmt":"2022-01-11T19:57:19","slug":"tenemos-programa","status":"publish","type":"post","link":"https:\/\/comunitariachile.org\/web\/tenemos-programa\/","title":{"rendered":"\u00a1Tenemos Programa!"},"content":{"rendered":"<blockquote><p>Presentamos el Programa de nuestro 2\u00ba Congreso Nacional de Psicolog\u00eda Comunitaria, que pone como \u00e9nfasis principal a las comunidades, cuerpos y territorios en una sociedad postneoliberal.<\/p><\/blockquote>\n<p>Esta construcci\u00f3n del programa ha sido fruto de varios meses de reflexi\u00f3n y trabajo, de miembros de la Sociedad Chilena de Psicolog\u00eda Comunitaria y de grupos amigues, de diversas comisiones de trabajo y principalmente de quienes han cre\u00eddo en el poder de la reflexi\u00f3n y la acci\u00f3n comunitaria, de quienes nos acompa\u00f1ar\u00e1n estos d\u00edas de Congreso, ya sea como asistentes, organizadores, ponentes o invitades, a todos y todas agradecemos su esfuerzo y compromiso.<\/p>\n<p>Pueden descargar el itinerario que tendremos diariamente directamente <a href=\"https:\/\/comunitariachile.org\/web\/2do-congreso-nacional\/#section-programa\">aqu\u00ed!<\/a><\/p>\n<p>Recuerden que aun est\u00e1n a tiempo de acompa\u00f1arnos\u2026 \u00a1Nos vemos este mi\u00e9rcoles 12!<\/p>\n","protected":false},"excerpt":{"rendered":"<p>Presentamos el Programa de nuestro 2\u00ba Congreso Nacional de Psicolog\u00eda Comunitaria, que pone como \u00e9nfasis principal a las comunidades, cuerpos y territorios en una sociedad postneoliberal. Esta construcci\u00f3n del programa [&hellip;]<\/p>\n","protected":false},"author":1,"featured_media":1122,"comment_status":"closed","ping_status":"open","sticky":false,"template":"","format":"standard","meta":[],"categories":[5],"tags":[42,50,49,45,52,41,48,32,29,53,51],"_links":{"self":[{"href":"https:\/\/comunitariachile.org\/web\/wp-json\/wp\/v2\/posts\/1119"}],"collection":[{"href":"https:\/\/comunitariachile.org\/web\/wp-json\/wp\/v2\/posts"}],"about":[{"href":"https:\/\/comunitariachile.org\/web\/wp-json\/wp\/v2\/types\/post"}],"author":[{"embeddable":true,"href":"https:\/\/comunitariachile.org\/web\/wp-json\/wp\/v2\/users\/1"}],"replies":[{"embeddable":true,"href":"https:\/\/comunitariachile.org\/web\/wp-json\/wp\/v2\/comments?post=1119"}],"version-history":[{"count":5,"href":"https:\/\/comunitariachile.org\/web\/wp-json\/wp\/v2\/posts\/1119\/revisions"}],"predecessor-version":[{"id":1127,"href":"https:\/\/comunitariachile.org\/web\/wp-json\/wp\/v2\/posts\/1119\/revisions\/1127"}],"wp:featuredmedia":[{"embeddable":true,"href":"https:\/\/comunitariachile.org\/web\/wp-json\/wp\/v2\/media\/1122"}],"wp:attachment":[{"href":"https:\/\/comunitariachile.org\/web\/wp-json\/wp\/v2\/media?parent=1119"}],"wp:term":[{"taxonomy":"category","embeddable":true,"href":"https:\/\/comunitariachile.org\/web\/wp-json\/wp\/v2\/categories?post=1119"},{"taxonomy":"post_tag","embeddable":true,"href":"https:\/\/comunitariachile.org\/web\/wp-json\/wp\/v2\/tags?post=1119"}],"curies":[{"name":"wp","href":"https:\/\/api.w.org\/{rel}","templated":true}]}}