{"id":1101,"date":"2021-12-03T17:38:50","date_gmt":"2021-12-03T20:38:50","guid":{"rendered":"https:\/\/comunitariachile.org\/web\/?p=1101"},"modified":"2021-12-03T18:04:49","modified_gmt":"2021-12-03T21:04:49","slug":"hoy-nuestro-pais-se-encuentra-en-una-encrucijada","status":"publish","type":"post","link":"https:\/\/comunitariachile.org\/web\/hoy-nuestro-pais-se-encuentra-en-una-encrucijada\/","title":{"rendered":"Hoy nuestro pa\u00eds se encuentra en una encrucijada"},"content":{"rendered":"<blockquote><p>Esta no es una elecci\u00f3n presidencial m\u00e1s. La situaci\u00f3n pol\u00edtica actual demanda de toda(o)s y cada una(o) de nosotra(o)es una decisi\u00f3n fundamental. No se trata solo de lo que propone el programa presidencial de cada candidato dentro de las condiciones permitidas por la institucionalidad vigente. Esta vez est\u00e1 en juego el sentido de las instituciones que habr\u00e1n de regirnos en las pr\u00f3ximas d\u00e9cadas, as\u00ed como las caracter\u00edsticas del orden social implicado en ellas.<\/p><\/blockquote>\n<p>Tanto el proceso constituyente generado por la decisi\u00f3n soberana del pueblo de Chile en el plebiscito de entrada, como la elecci\u00f3n de una amplia mayor\u00eda de convencionales constituyentes partidarios de un proyecto de transformaci\u00f3n de las relaciones econ\u00f3micas, las instituciones pol\u00edticas y la cultura autoritaria vigentes en Chile, podr\u00edan verse seriamente afectados si el l\u00edder del rechazo a este proceso asume la presidencia del pa\u00eds.<\/p>\n<p>M\u00e1s a\u00fan, las propuestas restauradoras de la institucionalidad instalada por la dictadura a trav\u00e9s de la constituci\u00f3n del 80 y una serie de leyes complementarias podr\u00edan restringir nuestros derechos y nuestras libertades a niveles que no son tolerables por quienes trabajamos en la construcci\u00f3n de m\u00e1s y mejor democracia para Chile.<\/p>\n<p>El problema no son las convicciones del candidato de la restauraci\u00f3n autoritaria. \u00c9l est\u00e1 en su derecho cuando dice que se opone \u00e9ticamente a cualquier forma de aborto, que considera que el matrimonio solo existe cuando se realiza entre un hombre y una mujer, que sexo y g\u00e9nero no son realidades independientes o que las diferencias culturales no implican la existencia de varias naciones en Chile. Muchas personas piensan como \u00e9l, y tienen derecho a vivir en consecuencia. Sin embargo, tenemos un problema cuando asumen que basta con una eventual mayor\u00eda parlamentaria para instalar sus convicciones en la vida de quienes no piensan de la misma manera. No es un problema que Jos\u00e9 Antonio Kast tenga las convicciones que tiene y quiera vivir conforme a las mismas, pero es un problema grave que no est\u00e9 dispuesto a respetar las diferentes ideas de la vida buena que existen en el pa\u00eds. Cuando dice: \u201csi usted no est\u00e1 de acuerdo con lo que pienso no vote por m\u00ed\u201d, tambi\u00e9n est\u00e1 diciendo: \u201csi obtengo los votos requeridos para ser presidente de la Rep\u00fablica y cuento con la mayor\u00eda parlamentaria que necesito para transformar mis convicciones en leyes, los que no piensan como yo tendr\u00e1n que aguantarse\u201d.<\/p>\n<p>Las masivas demandas por una sociedad pluralista en las \u00faltimas dos d\u00e9cadas buscan que cada cual decida la vida que quiere vivir en igualdad de condiciones con toda(o)s la(o)s dem\u00e1s. Terminar con la exclusi\u00f3n, la discriminaci\u00f3n, la explotaci\u00f3n y los distintos tipos de abuso consagrados en nuestra legislaci\u00f3n y nuestra cultura requiere de un gran acuerdo nacional que ofrezca las mismas posibilidades de desarrollo a las diferentes comunidades y personas, en condiciones de igualdad de estatus y paridad participativa. Esa es la sociedad de la dignidad que habr\u00e1 de reemplazar la sociedad de privilegios y abusos que ha sido tradicional en Chile y se ha proyectado en el presente a trav\u00e9s del ordenamiento neoliberal del pa\u00eds.<\/p>\n<p>Como Sociedad Chilena de Psicolog\u00eda Comunitaria no nos perdemos en esta encrucijada. Solo uno de los candidatos asume en su programa la tarea de transformaci\u00f3n democratizadora que es plenamente compatible con el proceso constituyente aprobado masivamente por el pueblo de Chile. Por esta raz\u00f3n llamamos a votar toda(o)s por Gabriel Boric este 19 de diciembre y, una vez que sea elegido, estar siempre vigilantes y exigir al nuevo Gobierno que promueva y apoye de todas las formas posibles la construcci\u00f3n de la sociedad plenamente democr\u00e1tica, equitativa y pluralista que hoy demanda una amplia mayor\u00eda de personas y comunidades en Chile.<\/p>\n","protected":false},"excerpt":{"rendered":"<p>Esta no es una elecci\u00f3n presidencial m\u00e1s. La situaci\u00f3n pol\u00edtica actual demanda de toda(o)s y cada una(o) de nosotra(o)es una decisi\u00f3n fundamental. No se trata solo de lo que propone [&hellip;]<\/p>\n","protected":false},"author":1,"featured_media":1102,"comment_status":"closed","ping_status":"open","sticky":false,"template":"","format":"standard","meta":[],"categories":[34,5,7],"tags":[26,22,39,38,24,40,29],"_links":{"self":[{"href":"https:\/\/comunitariachile.org\/web\/wp-json\/wp\/v2\/posts\/1101"}],"collection":[{"href":"https:\/\/comunitariachile.org\/web\/wp-json\/wp\/v2\/posts"}],"about":[{"href":"https:\/\/comunitariachile.org\/web\/wp-json\/wp\/v2\/types\/post"}],"author":[{"embeddable":true,"href":"https:\/\/comunitariachile.org\/web\/wp-json\/wp\/v2\/users\/1"}],"replies":[{"embeddable":true,"href":"https:\/\/comunitariachile.org\/web\/wp-json\/wp\/v2\/comments?post=1101"}],"version-history":[{"count":1,"href":"https:\/\/comunitariachile.org\/web\/wp-json\/wp\/v2\/posts\/1101\/revisions"}],"predecessor-version":[{"id":1103,"href":"https:\/\/comunitariachile.org\/web\/wp-json\/wp\/v2\/posts\/1101\/revisions\/1103"}],"wp:featuredmedia":[{"embeddable":true,"href":"https:\/\/comunitariachile.org\/web\/wp-json\/wp\/v2\/media\/1102"}],"wp:attachment":[{"href":"https:\/\/comunitariachile.org\/web\/wp-json\/wp\/v2\/media?parent=1101"}],"wp:term":[{"taxonomy":"category","embeddable":true,"href":"https:\/\/comunitariachile.org\/web\/wp-json\/wp\/v2\/categories?post=1101"},{"taxonomy":"post_tag","embeddable":true,"href":"https:\/\/comunitariachile.org\/web\/wp-json\/wp\/v2\/tags?post=1101"}],"curies":[{"name":"wp","href":"https:\/\/api.w.org\/{rel}","templated":true}]}}