{"id":1093,"date":"2021-11-24T22:16:26","date_gmt":"2021-11-25T01:16:26","guid":{"rendered":"https:\/\/comunitariachile.org\/web\/?p=1093"},"modified":"2021-11-24T22:28:53","modified_gmt":"2021-11-25T01:28:53","slug":"lo-vimos-venir","status":"publish","type":"post","link":"https:\/\/comunitariachile.org\/web\/lo-vimos-venir\/","title":{"rendered":"\u00bfLo vimos venir?"},"content":{"rendered":"<blockquote><p>He le\u00eddo varios mensajes en las distintas redes, los que hablan de lo mal que estamos como pa\u00eds y otras frases que no se pueden repetir en esta columna.<\/p><\/blockquote>\n<p>Desde el d\u00eda de las elecciones, cuando ya los resultados estaban a la vista, me met\u00ed para adentro y estuve anonadada, sin poder creer y pensando mucho y pregunt\u00e1ndome \u00bfLo vimos venir?<\/p>\n<p>La verdad es que le estuve dando vueltas y vueltas y empec\u00e9 a rememorar un poco de memoria e historia, no tan reciente, pero tampoco tan pasada. Mediados y finales de los a\u00f1os delos 80s, o sea cuando el auge de las luchas de los movimientos sociales y pol\u00edticos estaba en todo su apogeo, ah\u00ed, como una forma de detenerlos surge la transici\u00f3n,\u00a0pactos y acuerdos de las \u00e9lites de \u00abla supuesta izquierda\u00bb los concertados, empezaron a darse cuenta de que el \u00a1poder se les estaba yendo, arrancando de las manos! Uno de estos hitos, en donde particip\u00f3 Patricio Aylwin, presidente de la Democracia Cristiana, fue un seminario titulado: \u201cUna salida pol\u00edtico constitucional para Chile\u201d, prefiriendo el camino institucional para derrotar al r\u00e9gimen militar.<\/p>\n<p>Otro de los hitos y en ese contexto, y bajo instancias de la Iglesia Cat\u00f3lica, impuls\u00f3 el Acuerdo Nacional para la Transici\u00f3n a la plena Democracia, suscrito por otros dirigentes en agosto 1985. Posterior y en la campa\u00f1a del NO, se juntan partidos de la izquierda, centro izquierda y centro. De ah\u00ed surge la Concertaci\u00f3n de partidos pol\u00edticos que gobierna 4 per\u00edodos.<\/p>\n<p>Los acuerdos de la transici\u00f3n por la \u00abdemocracia\u00bb hicieron borr\u00f3n y cuenta nueva, el perd\u00f3n y las l\u00e1grimas de cocodrilo del elegido presidente, fue y sigue siendo parte de lo que se ve\u00eda venir.<\/p>\n<p>Lo m\u00e1s sentido fueron los temas de los derechos humanos, sobre todo porque con unas pocas \u00abchauchas\u00bb se estaba reparando, pero, por ejemplo, a\u00fan los familiares buscan a sus detenidos desaparecidos. El tema de prisi\u00f3n pol\u00edtica y tortura fue acallado con otras migajas.<\/p>\n<p>Pero lo m\u00e1s grave fue la consolidaci\u00f3n del modelo neoliberal iniciado por la dictadura c\u00edvico\/militar, a cuya cabeza estuvo, y lo sigue estando el innombrable; y hoy, sus seguidores. Se impusieron decretos y leyes, en tiempos de dictadura que nos fueron aislando, y luego, en la supuesta \u00abalegr\u00eda ya viene\u00bb se consolida a\u00fan m\u00e1s el modelo. \u00a1Nunca m\u00e1s volvi\u00f3, por ejemplo, la educaci\u00f3n a \u00abser libre, gratuita y de calidad\u00bb como fue exigida por las y los estudiantes desde el 2011!, lo mismo que la salud, las pensiones miserables, todo se mercantiliz\u00f3, los \u00absupuestos\u00bb elegidos para gobernar por todos y todas, fueron gobernados y manejados por los grandes monopolios econ\u00f3micos y grupos en el poder.<\/p>\n<p>Adem\u00e1s en todo esto contribuyen los medios de comunicaci\u00f3n en la venta de imagen de un Chile \u00abJaguar\u00bb, \u00abexitoso, en desarrollo\u00bb que vend\u00eda una imagen; y lo hace a\u00fan, con el \u00abemprendimiento individual\u00bb, el \u00abcapital humano avanzado\u00bb, el mercantilismo penetra en toda nuestra vida, desde la entrega de tarjetas de cr\u00e9dito a diestra y siniestra, por ejemplo, a inicios de cada a\u00f1o acad\u00e9mico, se ven los bancos, con los acuerdos de rectores, entregando tarjetas a las y los estudiantes, claro, padres y madres tienen que asumirlas.<\/p>\n<p>Las tarjetas de cr\u00e9dito de bancos y tiendas hac\u00edan posible \u00abcumplir los sue\u00f1os\u00bb de todo lo nuevo y \u00abmoderno\u00bb que ofrec\u00eda el mercado, primero fueron televisores, luego celulares y hoy autos por doquier, lo que en la actualidad se ve en forma masiva con las entregas del 10%.<\/p>\n<p>Me vuelvo a preguntar, y seguro todes, se hacen la misma pregunta, \u00bflo vimos venir? \u00bfllevamos a cabo luchas para detenerlo? \u00a1\u00a1SI!! Desde luchas estudiantiles, que marcan varios momentos, desde los 90s a 1997, el mochilazo 2001; otras ocurridas en el 2002 y 2005, Revoluci\u00f3n ping\u00fcina 2006; otras en 2008, 2011, 2012, 2015, 2016; mayo feminista 2018 y el estallido social de 2019, todas, sin excepci\u00f3n reprimidas y criminalizadas.<\/p>\n<p>Es as\u00ed como los medios de comunicaci\u00f3n se encargaron de propagar, y a\u00fan lo hacen, el miedo, la incertidumbre, magnificando la violencia, delincuencia, etc, por eso a\u00fan hay presos pol\u00edticos por luchar y que permanecen en las c\u00e1rceles.<\/p>\n<p>Se produce desencanto con la pol\u00edtica, que es la vida misma, o; \u00bfcon los\/las pol\u00edticos\/as, personajes de izquierda?, \u00bfse puede hablar de una izquierda hoy? De centro izquierda y de centro, centro derecha y derecha fascista.<\/p>\n<p>La m\u00e1quina pas\u00f3 muchas veces por nuestro lado, y otras tantas, por encima nuestro, pero estuvimos m\u00e1s preocupadas\/os en lo individual, en el trabajo precario, en conseguir fondos para pagar y pagar, entre otras preocupaciones.<\/p>\n<p>\u00bfPodemos revertir esta o estas situaciones?<\/p>\n<p>Yo tengo las certezas que s\u00ed, pero cambiando varias formas de ser y de vivir todo, desde lo familiar, social, barrial, comunitario, pueblos y mundo rural.<\/p>\n<p>Lo tenemos y debemos hacer, no s\u00f3lo por nosotres, sino por todos, todas y todes los que vienen reci\u00e9n caminando y acompa\u00f1\u00e1ndonos en todas las luchas y movilizaciones.<\/p>\n<p>Debemos estar pendientes de que no nos vuelvan a avasallar y quitar el poder popular, y para ello, organizarnos tomando en cuenta todas las voces y las conquista que se han alcanzado, por los grupos: feministas, disidentes, y todos los temas de salud mental comunitaria.<\/p>\n<p>\u00a1\u00a1BASTA DE DEJAR QUE OTROS TOMEN Y EJERZAN EL PODER POR NOSOTRES!!<\/p>\n<p>&nbsp;<\/p>\n<p><strong>Mar\u00eda Ang\u00e9lica Benavides Andrades<br \/>\n<\/strong><strong>Dra. Psicolog\u00eda Social<br \/>\n<\/strong><strong>Presidenta Sociedad Chilena de Psicolog\u00eda Comunitaria<\/strong><\/p>\n<p><span style=\"color: #808080;\"><em>Foto: Xinhua News<\/em><\/span><\/p>\n","protected":false},"excerpt":{"rendered":"<p>He le\u00eddo varios mensajes en las distintas redes, los que hablan de lo mal que estamos como pa\u00eds y otras frases que no se pueden repetir en esta columna. Desde [&hellip;]<\/p>\n","protected":false},"author":1,"featured_media":1094,"comment_status":"closed","ping_status":"open","sticky":false,"template":"","format":"standard","meta":[],"categories":[5,7],"tags":[26,22,38,24,29],"_links":{"self":[{"href":"https:\/\/comunitariachile.org\/web\/wp-json\/wp\/v2\/posts\/1093"}],"collection":[{"href":"https:\/\/comunitariachile.org\/web\/wp-json\/wp\/v2\/posts"}],"about":[{"href":"https:\/\/comunitariachile.org\/web\/wp-json\/wp\/v2\/types\/post"}],"author":[{"embeddable":true,"href":"https:\/\/comunitariachile.org\/web\/wp-json\/wp\/v2\/users\/1"}],"replies":[{"embeddable":true,"href":"https:\/\/comunitariachile.org\/web\/wp-json\/wp\/v2\/comments?post=1093"}],"version-history":[{"count":4,"href":"https:\/\/comunitariachile.org\/web\/wp-json\/wp\/v2\/posts\/1093\/revisions"}],"predecessor-version":[{"id":1098,"href":"https:\/\/comunitariachile.org\/web\/wp-json\/wp\/v2\/posts\/1093\/revisions\/1098"}],"wp:featuredmedia":[{"embeddable":true,"href":"https:\/\/comunitariachile.org\/web\/wp-json\/wp\/v2\/media\/1094"}],"wp:attachment":[{"href":"https:\/\/comunitariachile.org\/web\/wp-json\/wp\/v2\/media?parent=1093"}],"wp:term":[{"taxonomy":"category","embeddable":true,"href":"https:\/\/comunitariachile.org\/web\/wp-json\/wp\/v2\/categories?post=1093"},{"taxonomy":"post_tag","embeddable":true,"href":"https:\/\/comunitariachile.org\/web\/wp-json\/wp\/v2\/tags?post=1093"}],"curies":[{"name":"wp","href":"https:\/\/api.w.org\/{rel}","templated":true}]}}