{"id":1084,"date":"2021-11-05T21:13:12","date_gmt":"2021-11-06T00:13:12","guid":{"rendered":"https:\/\/comunitariachile.org\/web\/?p=1084"},"modified":"2021-11-05T21:13:12","modified_gmt":"2021-11-06T00:13:12","slug":"declaracion-publica-ante-la-ocupacion-militar-y-policial-del-wallmapu","status":"publish","type":"post","link":"https:\/\/comunitariachile.org\/web\/declaracion-publica-ante-la-ocupacion-militar-y-policial-del-wallmapu\/","title":{"rendered":"Declaraci\u00f3n p\u00fablica ante la ocupaci\u00f3n militar y policial del Wallmapu"},"content":{"rendered":"<blockquote><p>Como Sociedad Chilena de Psicolog\u00eda Comunitaria, queremos manifestar nuestro m\u00e1s profundo rechazo a la ocupaci\u00f3n militar y policial del Wallmapu a trav\u00e9s de la figura del Estado de Excepci\u00f3n Constitucional. La justificaci\u00f3n entregada por el gobierno de Sebastian Pi\u00f1era para esta iniciativa, ha sido la necesidad de enfrentar la violencia narcoterrorista presente en el territorio, indicando expresamente que en \u201cning\u00fan caso ser\u00eda en contra de un pueblo o de un grupo de ciudadanos\u201d y apelando al restablecimiento de la paz, el orden p\u00fablico y la restituci\u00f3n del Estado de Derecho en la zona.<\/p><\/blockquote>\n<p>Debemos se\u00f1alar que la implementaci\u00f3n de la estrategia que el gobierno instal\u00f3 el 12 de Octubre en el Wallmapu, responde a un inter\u00e9s pol\u00edtico empresarial, que ha implicado el acoso militar y policial, por cielo, mar y tierra, hacia las y los habitantes de ese territorio. Las fiscalizaciones arbitrarias a quienes se trasladan por los caminos y rutas de acceso, los ingresos y allanamientos en las comunidades -con pr\u00e1cticas de maltrato y tortura directa a sus habitantes, incluidos las y los menores de edad-, las detenciones arbitrarias y los montajes, han formado parte de las pr\u00e1cticas policiales -y ahora tambi\u00e9n militares- en el Wallmapu, perpetuando as\u00ed el da\u00f1o sist\u00e9mico transgeneracional que las pol\u00edticas racistas y neocoloniales del Estado chileno han desarrollado en esa zona desde hace muchos a\u00f1os. El fallecimiento del comunero Jordan Llempi Machac\u00e1n, as\u00ed como la existencia de cuatro personas heridas por disparos de las FFAA, son la \u00faltima expresi\u00f3n de esta forma de violencia institucionalizada, que se agrava considerablemente a trav\u00e9s de la implementaci\u00f3n del Estado de Excepci\u00f3n Constitucional. Ya es bastante d\u00e9bil la protecci\u00f3n de los DDHH de los pueblos ind\u00edgenas en la actual Constituci\u00f3n como para decidir, adem\u00e1s, su interrupci\u00f3n a trav\u00e9s de medidas excepcionales.<\/p>\n<p>Queremos emplazar la responsabilidad pol\u00edtica y penal del Presidente de la Rep\u00fablica y del Ministro del interior frente al atropello de los Derechos Humanos de los Pueblos Ind\u00edgenas, vulnerando aquellos contemplados en la Declaraci\u00f3n de las Naciones Unidas sobre los Derechos de los Pueblos Ind\u00edgenas, en la Convenci\u00f3n Americana de DDHH, en la Convenci\u00f3n de los Derechos del Ni\u00f1o, en los Principios sobre Pol\u00edticas P\u00fablicas de Memoria en las Am\u00e9ricas y en el Convenio 169 de la OIT, poniendo en riesgo el Estado de Derecho y haciendo o\u00eddos sordos a la voz de los y las constituyentes pertenecientes a los Esca\u00f1os Reservados. Estas acciones, m\u00e1s que traer paz a la zona, han conducido al aumento sistem\u00e1tico de la violencia, siendo obligaci\u00f3n del Estado garantizar a todas las personas el derecho a la vida, la integridad f\u00edsica y mental, la seguridad y la libertad de movimiento y expresi\u00f3n.<\/p>\n<p>En su art\u00edculo 30, la Declaraci\u00f3n de las Naciones Unidas sobre los Derechos de los Pueblos Ind\u00edgenas (todav\u00eda no firmada por Chile), establece que: \u201cNo se desarrollar\u00e1n actividades militares en las tierras o territorios de los pueblos ind\u00edgenas, a menos que lo justifique una raz\u00f3n de inter\u00e9s p\u00fablico pertinente o que se haya acordado libremente con los pueblos ind\u00edgenas interesados, o que \u00e9stos lo hayan solicitado\u201d. Queremos manifestar nuestro apoyo a todos los Pueblos Originarios en resistencia, a su lucha justa en defensa de la vida y la libertad, de la autonom\u00eda territorial y la recuperaci\u00f3n de la paz en sus territorios. Tambi\u00e9n expresamos nuestro apoyo a las autoridades ind\u00edgenas de la Convenci\u00f3n Constituyente, quienes han solicitado bajo el principio de autodeterminaci\u00f3n de los pueblos, la salida de las fuerzas policiales del Wallmapu.<\/p>\n<p>Como psic\u00f3logos y psic\u00f3logas comunitarios(as) nos parece alarmante el efecto en la salud mental de las personas que viven estas violencias. Especialmente de los ni\u00f1os, ni\u00f1as y adolescentes (NNA), que son v\u00edctimas directas e indirectas del trauma colectivo experimentado por la poblaci\u00f3n afectada.<\/p>\n<p>Consideramos que el conflicto sociopol\u00edtico en el Wallmapu debe ser abordado de manera integral, en el marco de las normativas jur\u00eddicas y los tratados internacionales suscritos por el pa\u00eds, empleando las orientaciones y lineamientos t\u00e9cnicos que incorporen los enfoques de DDHH, g\u00e9nero, interculturalidad, memoria, verdad, justicia, reparaci\u00f3n y bases para la no repetici\u00f3n. Debe existir una separaci\u00f3n clara entre las acciones penales y pr\u00e1cticas policiales empleadas para abordar problemas delictuales y la represi\u00f3n del derecho a manifestarse de los pueblos originarios, evitando as\u00ed la violencia injustificada. De este modo, es posible evitar que se produzcan asesinatos y\/o tratos crueles y degradantes por parte de las FFAA y de orden a quienes viven en el territorio.<\/p>\n<p>El Estado de Chile mantiene una deuda hist\u00f3rica con los pueblos originarios, lo que hace urgente el desarrollo de un di\u00e1logo plurinacional, as\u00ed como la generaci\u00f3n e implementaci\u00f3n de pol\u00edticas de prevenci\u00f3n de las violencias neocoloniales, de no discriminaci\u00f3n, de buena gobernanza y buena fe. As\u00ed como tambi\u00e9n es importante la necesidad de orientar el accionar estatal hacia la reparaci\u00f3n del da\u00f1o causado y el establecimiento de garant\u00edas de no repetici\u00f3n.<\/p>\n<p>Mediante el presente comunicado, solicitamos a todas las Organizaciones y Sociedades de Psicolog\u00eda Comunitaria a nivel nacional e internacional, difundir esta informaci\u00f3n y que se pronuncien en apoyo a los Pueblos Originarios del Wallmapu en Chile y la leg\u00edtima defensa de sus derechos.<\/p>\n<p><span style=\"color: #808080;\"><em>Foto: plrchile.com<\/em><\/span><\/p>\n","protected":false},"excerpt":{"rendered":"<p>Como Sociedad Chilena de Psicolog\u00eda Comunitaria, queremos manifestar nuestro m\u00e1s profundo rechazo a la ocupaci\u00f3n militar y policial del Wallmapu a trav\u00e9s de la figura del Estado de Excepci\u00f3n Constitucional. [&hellip;]<\/p>\n","protected":false},"author":1,"featured_media":1085,"comment_status":"closed","ping_status":"open","sticky":false,"template":"","format":"standard","meta":[],"categories":[34,5,7],"tags":[],"_links":{"self":[{"href":"https:\/\/comunitariachile.org\/web\/wp-json\/wp\/v2\/posts\/1084"}],"collection":[{"href":"https:\/\/comunitariachile.org\/web\/wp-json\/wp\/v2\/posts"}],"about":[{"href":"https:\/\/comunitariachile.org\/web\/wp-json\/wp\/v2\/types\/post"}],"author":[{"embeddable":true,"href":"https:\/\/comunitariachile.org\/web\/wp-json\/wp\/v2\/users\/1"}],"replies":[{"embeddable":true,"href":"https:\/\/comunitariachile.org\/web\/wp-json\/wp\/v2\/comments?post=1084"}],"version-history":[{"count":1,"href":"https:\/\/comunitariachile.org\/web\/wp-json\/wp\/v2\/posts\/1084\/revisions"}],"predecessor-version":[{"id":1086,"href":"https:\/\/comunitariachile.org\/web\/wp-json\/wp\/v2\/posts\/1084\/revisions\/1086"}],"wp:featuredmedia":[{"embeddable":true,"href":"https:\/\/comunitariachile.org\/web\/wp-json\/wp\/v2\/media\/1085"}],"wp:attachment":[{"href":"https:\/\/comunitariachile.org\/web\/wp-json\/wp\/v2\/media?parent=1084"}],"wp:term":[{"taxonomy":"category","embeddable":true,"href":"https:\/\/comunitariachile.org\/web\/wp-json\/wp\/v2\/categories?post=1084"},{"taxonomy":"post_tag","embeddable":true,"href":"https:\/\/comunitariachile.org\/web\/wp-json\/wp\/v2\/tags?post=1084"}],"curies":[{"name":"wp","href":"https:\/\/api.w.org\/{rel}","templated":true}]}}